{"id":4855,"date":"2021-07-26T10:00:39","date_gmt":"2021-07-26T10:00:39","guid":{"rendered":"http:\/\/www.lodelmomentoloja.com\/?p=4855"},"modified":"2021-07-26T17:50:53","modified_gmt":"2021-07-26T17:50:53","slug":"lucy-jaramillo-representante-olimpica-en-el-olvido","status":"publish","type":"post","link":"https:\/\/www.lodelmomentoloja.com\/?p=4855","title":{"rendered":"Lucy Jaramillo, representante ol\u00edmpica en el olvido."},"content":{"rendered":"<p><span class=\"css-901oao css-16my406 r-poiln3 r-bcqeeo r-qvutc0\">El deporte ecuatoriano qued\u00f3 conmocionado con la medalla de Oro que obtuvo Richard Carapaz en los Juegos Ol\u00edmpicos Tokio 2020, m\u00e9rito que no se hab\u00eda logrado desde 1996 con Jefferson P\u00e9rez en la categor\u00eda marcha; sin embargo, tras haber ganado Carapaz manifest\u00f3 unas palabras contundentes a la prensa europea <strong><em>&#8220;Yo soy un deportista que ha salido casi sin el apoyo del pa\u00eds, el pa\u00eds nunca crey\u00f3 en mi, y la verdad esto lo disfruto porque esto me pertenece a mi y a todos quienes me apoyaron en su momento. Ahora todo mundo se la querr\u00e1 festejar a esta medalla, pero se la festejar\u00e1n a quienes realmente han apoyado&#8221; <\/em><\/strong>situaci\u00f3n que ha generado una visible realidad por la que pasa el deporte ecuatoriano y la labor que desempe\u00f1a la instituci\u00f3n.<\/span><\/p>\n<p>&nbsp;<\/p>\n<h3><strong>Lucy Jaramillo, la Ol\u00edmpica olvidada.<\/strong><\/h3>\n<p><img loading=\"lazy\" decoding=\"async\" class=\" wp-image-4857 alignleft\" src=\"http:\/\/www.lodelmomentoloja.com\/wp-content\/uploads\/2021\/07\/1-1-300x220.jpg\" alt=\"\" width=\"486\" height=\"357\" srcset=\"https:\/\/www.lodelmomentoloja.com\/wp-content\/uploads\/2021\/07\/1-1-300x220.jpg 300w, https:\/\/www.lodelmomentoloja.com\/wp-content\/uploads\/2021\/07\/1-1-640x469.jpg 640w, https:\/\/www.lodelmomentoloja.com\/wp-content\/uploads\/2021\/07\/1-1.jpg 749w\" sizes=\"(max-width: 486px) 100vw, 486px\" \/><\/p>\n<p>Este tema, nos lleva al caso de Lucy Jaramillo, representante Ol\u00edmpica hace 8 a\u00f1os en #London2012 en los 400 metros vallas, mediante algunas fotograf\u00edas en redes sociales se pudo ver a Lucy en la esquina del Mercado Amazonas de Ibarra.<\/p>\n<p>&#8220;En ese lapso del deporte nos sacrificamos diariamente. Si no hay deportistas no hay dirigentes, si no hay dirigentes no habr\u00e1 competencias, ser\u00eda fundamental se apoye de diferente manera y no que nos dejen al abandono, a la intemperie. Nos gustar\u00eda tener una estabilidad porque nosotros tambi\u00e9n tenemos cargas familiares&#8221; mencionaba Lucy Jaramillo en una entrevista para Pulso Informativo de Diario Norte.<\/p>\n<p>Ella, <em>a\u00fan sigue esperando una beca vitalicia ya que su tr\u00e1mite sigue paralizado en el Ministerio del Deporte<\/em>, algo que por ley les corresponde a los deportistas de alto rendimiento.<\/p>\n<p>&nbsp;<\/p>\n<p><img loading=\"lazy\" decoding=\"async\" class=\"alignnone wp-image-4859 size-full\" src=\"http:\/\/www.lodelmomentoloja.com\/wp-content\/uploads\/2021\/07\/3-1.jpg\" alt=\"\" width=\"749\" height=\"549\" srcset=\"https:\/\/www.lodelmomentoloja.com\/wp-content\/uploads\/2021\/07\/3-1.jpg 749w, https:\/\/www.lodelmomentoloja.com\/wp-content\/uploads\/2021\/07\/3-1-300x220.jpg 300w, https:\/\/www.lodelmomentoloja.com\/wp-content\/uploads\/2021\/07\/3-1-640x469.jpg 640w\" sizes=\"(max-width: 749px) 100vw, 749px\" \/><\/p>\n<p>&nbsp;<\/p>\n<p><span class=\"css-901oao css-16my406 r-poiln3 r-bcqeeo r-qvutc0\">Jaramillo, tiene una maestr\u00eda en Actividad F\u00edsica, la obtuvo en la Universidad T\u00e9cnica del Norte, en el cambio de Gobierno, la ex deportista ol\u00edmpica ha pedido audiencia a Sebasti\u00e1n Palacios, Ministro del Deporte para que visiten y conozcan su situaci\u00f3n pero no ha tenido \u00e9xito al recibir una respuesta. Al haberse hecho viral este caso en redes sociales, el mismo Ministro contest\u00f3 a un post manifiesta que se est\u00e1n poniendo en contacto con Lucy: &#8220;E<\/span>s parte de un grupo de Glorias Deportivas por el cual hemos peleado desde que estaba en la Asamblea. Te agradezco por exponer su caso, que tiene a\u00f1os estancado en el Ministerio del Deporte&#8221;.<\/p>\n<p>&nbsp;<\/p>\n<p><img loading=\"lazy\" decoding=\"async\" class=\"alignnone wp-image-4858 size-full\" src=\"http:\/\/www.lodelmomentoloja.com\/wp-content\/uploads\/2021\/07\/2-1.jpg\" alt=\"\" width=\"749\" height=\"549\" srcset=\"https:\/\/www.lodelmomentoloja.com\/wp-content\/uploads\/2021\/07\/2-1.jpg 749w, https:\/\/www.lodelmomentoloja.com\/wp-content\/uploads\/2021\/07\/2-1-300x220.jpg 300w, https:\/\/www.lodelmomentoloja.com\/wp-content\/uploads\/2021\/07\/2-1-640x469.jpg 640w\" sizes=\"(max-width: 749px) 100vw, 749px\" \/><\/p>\n<p>Una historia triste que hace reflexionar, la falta de apoyo al deporte es un problema de todos los d\u00edas.<\/p>\n<p>#LDMnoticias #lodelmomentolojaLDM<\/p>\n<p>&nbsp;<\/p>\n<p>&nbsp;<\/p>\n","protected":false},"excerpt":{"rendered":"<p>El deporte ecuatoriano qued\u00f3 conmocionado con la medalla de Oro que obtuvo Richard Carapaz en&#8230;<\/p>\n","protected":false},"author":1,"featured_media":4856,"comment_status":"open","ping_status":"open","sticky":false,"template":"","format":"standard","meta":{"footnotes":""},"categories":[7,1,4],"tags":[],"class_list":["post-4855","post","type-post","status-publish","format-standard","has-post-thumbnail","hentry","category-ecuador","category-inicio","category-internacional"],"_links":{"self":[{"href":"https:\/\/www.lodelmomentoloja.com\/index.php?rest_route=\/wp\/v2\/posts\/4855"}],"collection":[{"href":"https:\/\/www.lodelmomentoloja.com\/index.php?rest_route=\/wp\/v2\/posts"}],"about":[{"href":"https:\/\/www.lodelmomentoloja.com\/index.php?rest_route=\/wp\/v2\/types\/post"}],"author":[{"embeddable":true,"href":"https:\/\/www.lodelmomentoloja.com\/index.php?rest_route=\/wp\/v2\/users\/1"}],"replies":[{"embeddable":true,"href":"https:\/\/www.lodelmomentoloja.com\/index.php?rest_route=%2Fwp%2Fv2%2Fcomments&post=4855"}],"version-history":[{"count":3,"href":"https:\/\/www.lodelmomentoloja.com\/index.php?rest_route=\/wp\/v2\/posts\/4855\/revisions"}],"predecessor-version":[{"id":4862,"href":"https:\/\/www.lodelmomentoloja.com\/index.php?rest_route=\/wp\/v2\/posts\/4855\/revisions\/4862"}],"wp:featuredmedia":[{"embeddable":true,"href":"https:\/\/www.lodelmomentoloja.com\/index.php?rest_route=\/wp\/v2\/media\/4856"}],"wp:attachment":[{"href":"https:\/\/www.lodelmomentoloja.com\/index.php?rest_route=%2Fwp%2Fv2%2Fmedia&parent=4855"}],"wp:term":[{"taxonomy":"category","embeddable":true,"href":"https:\/\/www.lodelmomentoloja.com\/index.php?rest_route=%2Fwp%2Fv2%2Fcategories&post=4855"},{"taxonomy":"post_tag","embeddable":true,"href":"https:\/\/www.lodelmomentoloja.com\/index.php?rest_route=%2Fwp%2Fv2%2Ftags&post=4855"}],"curies":[{"name":"wp","href":"https:\/\/api.w.org\/{rel}","templated":true}]}}