{"id":4761,"date":"2021-07-19T10:31:36","date_gmt":"2021-07-19T10:31:36","guid":{"rendered":"http:\/\/www.lodelmomentoloja.com\/?p=4761"},"modified":"2021-07-19T22:33:49","modified_gmt":"2021-07-19T22:33:49","slug":"carapaz-consigue-el-podio","status":"publish","type":"post","link":"https:\/\/www.lodelmomentoloja.com\/?p=4761","title":{"rendered":"Carapaz consigue el podio"},"content":{"rendered":"<p>#Internacional | De las monta\u00f1as del Carchi al podium de Par\u00eds.<\/p>\n<p>El ecuatoriano entra en el selecto grupo de pedalistas que se suben al podio del Giro, el Tour y la Vuelta, apenas 20 en la historia.<\/p>\n<p>Richard Carapaz volvi\u00f3 a firmar este s\u00e1bado un nuevo cap\u00edtulo de su historia de antolog\u00eda. Al asegurarse en el tercer lugar del Tour de Francia 2021, un d\u00eda antes de la etapa final hacia Par\u00eds, el ecuatoriano se convierte en el vig\u00e9simo ciclista en subirse al podio de las tres Grandes Vueltas (el Giro de Italia y la Vuelta a Espa\u00f1a, las otras) y el quinto latinoamericano en conseguirlo en territorio galo.<\/p>\n<p>El logro para la Locomotora era subirse al podio de una Gran Vuelta por tercer a\u00f1o consecutivo, luego de conseguir el hist\u00f3rico campeonato en el Giro 2019 y ser subcampe\u00f3n de la Vuelta 2020.<\/p>\n<p>www.lodelmomentoloja.com<br \/>\n#LDMnoticias #lodelmomentolojaLDM<\/p>\n","protected":false},"excerpt":{"rendered":"<p>#Internacional | De las monta\u00f1as del Carchi al podium de Par\u00eds. El ecuatoriano entra en&#8230;<\/p>\n","protected":false},"author":1,"featured_media":4762,"comment_status":"open","ping_status":"open","sticky":false,"template":"","format":"standard","meta":{"footnotes":""},"categories":[1],"tags":[],"class_list":["post-4761","post","type-post","status-publish","format-standard","has-post-thumbnail","hentry","category-inicio"],"_links":{"self":[{"href":"https:\/\/www.lodelmomentoloja.com\/index.php?rest_route=\/wp\/v2\/posts\/4761"}],"collection":[{"href":"https:\/\/www.lodelmomentoloja.com\/index.php?rest_route=\/wp\/v2\/posts"}],"about":[{"href":"https:\/\/www.lodelmomentoloja.com\/index.php?rest_route=\/wp\/v2\/types\/post"}],"author":[{"embeddable":true,"href":"https:\/\/www.lodelmomentoloja.com\/index.php?rest_route=\/wp\/v2\/users\/1"}],"replies":[{"embeddable":true,"href":"https:\/\/www.lodelmomentoloja.com\/index.php?rest_route=%2Fwp%2Fv2%2Fcomments&post=4761"}],"version-history":[{"count":1,"href":"https:\/\/www.lodelmomentoloja.com\/index.php?rest_route=\/wp\/v2\/posts\/4761\/revisions"}],"predecessor-version":[{"id":4763,"href":"https:\/\/www.lodelmomentoloja.com\/index.php?rest_route=\/wp\/v2\/posts\/4761\/revisions\/4763"}],"wp:featuredmedia":[{"embeddable":true,"href":"https:\/\/www.lodelmomentoloja.com\/index.php?rest_route=\/wp\/v2\/media\/4762"}],"wp:attachment":[{"href":"https:\/\/www.lodelmomentoloja.com\/index.php?rest_route=%2Fwp%2Fv2%2Fmedia&parent=4761"}],"wp:term":[{"taxonomy":"category","embeddable":true,"href":"https:\/\/www.lodelmomentoloja.com\/index.php?rest_route=%2Fwp%2Fv2%2Fcategories&post=4761"},{"taxonomy":"post_tag","embeddable":true,"href":"https:\/\/www.lodelmomentoloja.com\/index.php?rest_route=%2Fwp%2Fv2%2Ftags&post=4761"}],"curies":[{"name":"wp","href":"https:\/\/api.w.org\/{rel}","templated":true}]}}