{"id":4748,"date":"2021-07-15T12:59:58","date_gmt":"2021-07-15T12:59:58","guid":{"rendered":"http:\/\/www.lodelmomentoloja.com\/?p=4748"},"modified":"2021-07-15T17:59:52","modified_gmt":"2021-07-15T17:59:52","slug":"10-millones-de-vacunas","status":"publish","type":"post","link":"https:\/\/www.lodelmomentoloja.com\/?p=4748","title":{"rendered":"10 Millones de vacunas"},"content":{"rendered":"<div class=\"kvgmc6g5 cxmmr5t8 oygrvhab hcukyx3x c1et5uql ii04i59q\">\n<div dir=\"auto\"><a class=\"oajrlxb2 g5ia77u1 qu0x051f esr5mh6w e9989ue4 r7d6kgcz rq0escxv nhd2j8a9 nc684nl6 p7hjln8o kvgmc6g5 cxmmr5t8 oygrvhab hcukyx3x jb3vyjys rz4wbd8a qt6c0cv9 a8nywdso i1ao9s8h esuyzwwr f1sip0of lzcic4wl q66pz984 gpro0wi8 b1v8xokw\" tabindex=\"0\" role=\"link\" href=\"https:\/\/www.facebook.com\/hashtag\/internacional?__eep__=6&amp;__cft__[0]=AZU78LYup-Sq4d7cYUW57xdIRmpEh32hrQHj96yDf34vCdHbqBt3cwIUEWei0Exd2aCoXZMU9D_KLtKjWMfK7ckAvmnESI0rnld7Ry5oE3LXBo2dJl__ZwYwnEzv9Q3ys-minFtHI7qwsZ2Rbn_fQq7_J1wi3G2ybPePQxYHFwJnZvQ4M7KDOFPFTa3lkAURYZU&amp;__tn__=*NK-R\">#Internacional<\/a> | El Gobierno ecuatoriano anunci\u00f3 que con la \u00faltima remesa de dosis se acumulan 10,3 millones de dosis de varios laboratorios.<\/div>\n<div dir=\"auto\"><\/div>\n<\/div>\n<div class=\"o9v6fnle cxmmr5t8 oygrvhab hcukyx3x c1et5uql ii04i59q\">\n<div dir=\"auto\">Ecuador, actualmente, ejecuta la denominada \u00abFase 3\u00bb de su plan de vacunaci\u00f3n, que incluye la inmunizaci\u00f3n de personas de entre 49 y 16 a\u00f1os, que deben acudir a los centros de vacunaci\u00f3n en todo el pa\u00eds de acuerdo con un calendario elaborado por las autoridades con base en el padr\u00f3n electoral.<\/div>\n<div dir=\"auto\"><\/div>\n<\/div>\n<div class=\"o9v6fnle cxmmr5t8 oygrvhab hcukyx3x c1et5uql ii04i59q\">\n<div dir=\"auto\">El Gobierno del presidente Guillermo Lasso, quien asumi\u00f3 el poder el pasado 24 de mayo, prev\u00e9 inmunizar a 9 millones de personas en los primeros 100 d\u00edas de su mandato, que se cumplir\u00e1n al finalizar agosto.<\/div>\n<div dir=\"auto\"><\/div>\n<\/div>\n<div class=\"o9v6fnle cxmmr5t8 oygrvhab hcukyx3x c1et5uql ii04i59q\">\n<div dir=\"auto\"><a class=\"oajrlxb2 g5ia77u1 qu0x051f esr5mh6w e9989ue4 r7d6kgcz rq0escxv nhd2j8a9 nc684nl6 p7hjln8o kvgmc6g5 cxmmr5t8 oygrvhab hcukyx3x jb3vyjys rz4wbd8a qt6c0cv9 a8nywdso i1ao9s8h esuyzwwr f1sip0of lzcic4wl py34i1dx gpro0wi8\" tabindex=\"0\" role=\"link\" href=\"https:\/\/l.facebook.com\/l.php?u=http%3A%2F%2Fwww.lodelmomentoloja.com%2F%3Ffbclid%3DIwAR0OSy9iii2sfQrYgEOasDyH1lCuLBFh4U9PSmPai4-mgvotMtyHzkJOGu4&amp;h=AT37_ndEGcr-GrT6nhGwQaxoPofDr6y0amkrsJ-5wu2-NzA58jeMdWvaGKkKlJ5Yb6RwES6NKK5Q5USsG5-2F3rT9qkEX_V8XGBbaea-MHlxkdIclmDRZbITxh-47QHY&amp;__tn__=-UK-R&amp;c[0]=AT3kJYZLtmAf5ys3oNTiYhVvMoxmOVtXP1u4t3DS2_5_ys9PBJY-Kr4Hsa7sklc8hnnc-ncStrMoBdZSLX5g5EipMGxVWNNHxH3TZZloVyu00oROSim0MGy2N3eydqe6Ld0CNF-bxnn0JfNUYda9KX0_CHri7YfVCVrv0WWcLWhEJKe0YyvMdGJr9M7tkN9jO3i7zBGx\" target=\"_blank\" rel=\"nofollow noopener\">www.lodelmomentoloja.com<\/a><\/div>\n<div dir=\"auto\"><a class=\"oajrlxb2 g5ia77u1 qu0x051f esr5mh6w e9989ue4 r7d6kgcz rq0escxv nhd2j8a9 nc684nl6 p7hjln8o kvgmc6g5 cxmmr5t8 oygrvhab hcukyx3x jb3vyjys rz4wbd8a qt6c0cv9 a8nywdso i1ao9s8h esuyzwwr f1sip0of lzcic4wl q66pz984 gpro0wi8 b1v8xokw\" tabindex=\"0\" role=\"link\" href=\"https:\/\/www.facebook.com\/hashtag\/ldmnoticias?__eep__=6&amp;__cft__[0]=AZU78LYup-Sq4d7cYUW57xdIRmpEh32hrQHj96yDf34vCdHbqBt3cwIUEWei0Exd2aCoXZMU9D_KLtKjWMfK7ckAvmnESI0rnld7Ry5oE3LXBo2dJl__ZwYwnEzv9Q3ys-minFtHI7qwsZ2Rbn_fQq7_J1wi3G2ybPePQxYHFwJnZvQ4M7KDOFPFTa3lkAURYZU&amp;__tn__=*NK-R\">#LDMnoticias<\/a> <a class=\"oajrlxb2 g5ia77u1 qu0x051f esr5mh6w e9989ue4 r7d6kgcz rq0escxv nhd2j8a9 nc684nl6 p7hjln8o kvgmc6g5 cxmmr5t8 oygrvhab hcukyx3x jb3vyjys rz4wbd8a qt6c0cv9 a8nywdso i1ao9s8h esuyzwwr f1sip0of lzcic4wl q66pz984 gpro0wi8 b1v8xokw\" tabindex=\"0\" role=\"link\" href=\"https:\/\/www.facebook.com\/hashtag\/lodelmomentolojaldm?__eep__=6&amp;__cft__[0]=AZU78LYup-Sq4d7cYUW57xdIRmpEh32hrQHj96yDf34vCdHbqBt3cwIUEWei0Exd2aCoXZMU9D_KLtKjWMfK7ckAvmnESI0rnld7Ry5oE3LXBo2dJl__ZwYwnEzv9Q3ys-minFtHI7qwsZ2Rbn_fQq7_J1wi3G2ybPePQxYHFwJnZvQ4M7KDOFPFTa3lkAURYZU&amp;__tn__=*NK-R\">#lodelmomentolojaLDM<\/a><\/div>\n<\/div>\n","protected":false},"excerpt":{"rendered":"<p>#Internacional | El Gobierno ecuatoriano anunci\u00f3 que con la \u00faltima remesa de dosis se acumulan&#8230;<\/p>\n","protected":false},"author":1,"featured_media":4749,"comment_status":"open","ping_status":"open","sticky":false,"template":"","format":"standard","meta":{"footnotes":""},"categories":[1],"tags":[],"class_list":["post-4748","post","type-post","status-publish","format-standard","has-post-thumbnail","hentry","category-inicio"],"_links":{"self":[{"href":"https:\/\/www.lodelmomentoloja.com\/index.php?rest_route=\/wp\/v2\/posts\/4748"}],"collection":[{"href":"https:\/\/www.lodelmomentoloja.com\/index.php?rest_route=\/wp\/v2\/posts"}],"about":[{"href":"https:\/\/www.lodelmomentoloja.com\/index.php?rest_route=\/wp\/v2\/types\/post"}],"author":[{"embeddable":true,"href":"https:\/\/www.lodelmomentoloja.com\/index.php?rest_route=\/wp\/v2\/users\/1"}],"replies":[{"embeddable":true,"href":"https:\/\/www.lodelmomentoloja.com\/index.php?rest_route=%2Fwp%2Fv2%2Fcomments&post=4748"}],"version-history":[{"count":1,"href":"https:\/\/www.lodelmomentoloja.com\/index.php?rest_route=\/wp\/v2\/posts\/4748\/revisions"}],"predecessor-version":[{"id":4750,"href":"https:\/\/www.lodelmomentoloja.com\/index.php?rest_route=\/wp\/v2\/posts\/4748\/revisions\/4750"}],"wp:featuredmedia":[{"embeddable":true,"href":"https:\/\/www.lodelmomentoloja.com\/index.php?rest_route=\/wp\/v2\/media\/4749"}],"wp:attachment":[{"href":"https:\/\/www.lodelmomentoloja.com\/index.php?rest_route=%2Fwp%2Fv2%2Fmedia&parent=4748"}],"wp:term":[{"taxonomy":"category","embeddable":true,"href":"https:\/\/www.lodelmomentoloja.com\/index.php?rest_route=%2Fwp%2Fv2%2Fcategories&post=4748"},{"taxonomy":"post_tag","embeddable":true,"href":"https:\/\/www.lodelmomentoloja.com\/index.php?rest_route=%2Fwp%2Fv2%2Ftags&post=4748"}],"curies":[{"name":"wp","href":"https:\/\/api.w.org\/{rel}","templated":true}]}}