{"id":4689,"date":"2021-07-12T18:13:10","date_gmt":"2021-07-12T18:13:10","guid":{"rendered":"http:\/\/www.lodelmomentoloja.com\/?p=4689"},"modified":"2021-07-12T23:13:53","modified_gmt":"2021-07-12T23:13:53","slug":"inauguracion-de-corporacion-alfa-en-loja","status":"publish","type":"post","link":"https:\/\/www.lodelmomentoloja.com\/?p=4689","title":{"rendered":"Inauguraci\u00f3n de Corporaci\u00f3n Alfa en Loja."},"content":{"rendered":"<div class=\"kvgmc6g5 cxmmr5t8 oygrvhab hcukyx3x c1et5uql ii04i59q\">\n<div dir=\"auto\"><a class=\"oajrlxb2 g5ia77u1 qu0x051f esr5mh6w e9989ue4 r7d6kgcz rq0escxv nhd2j8a9 nc684nl6 p7hjln8o kvgmc6g5 cxmmr5t8 oygrvhab hcukyx3x jb3vyjys rz4wbd8a qt6c0cv9 a8nywdso i1ao9s8h esuyzwwr f1sip0of lzcic4wl q66pz984 gpro0wi8 b1v8xokw\" tabindex=\"0\" role=\"link\" href=\"https:\/\/www.facebook.com\/hashtag\/loja?__eep__=6&amp;__cft__[0]=AZV5fVj19yOmOCVJbOIjuLZTw6ujOIVyhkDm6b3eWgDRo3Fn3N8YXPcrjCCMfolY8OseHgQ5EPRqwJZYQjnO2FyfsjXCNyODccHaKF39-p-MFac6GFY7z0EhQhL7frq8BLLmw9bZFkm7DJLQwqw3eQ69wjIPNbKN5HMpqVImWCKq8VP5GBDuxZWxj39a32NYmqA&amp;__tn__=*NK-R\">#Loja<\/a> | Inauguraci\u00f3n de Corporaci\u00f3n Alfa en Loja.<\/div>\n<div dir=\"auto\"><\/div>\n<\/div>\n<div class=\"o9v6fnle cxmmr5t8 oygrvhab hcukyx3x c1et5uql ii04i59q\">\n<div dir=\"auto\">Este s\u00e1bado 10 de Julio se Inaugur\u00f3 en Loja, el Centro de Negocios de Corporaci\u00f3n Alfa para el desarrollo de la Distribuidora Americana Royal Prestige. Todos sus socios, distribuidores, personal administrativo realizaron una ceremonia junto a sus l\u00edderes principales Alejandro Jaramillo y Fanny Arevalo, quienes buscan impulsar la econom\u00eda de nuestra ciudad.<\/div>\n<div dir=\"auto\"><\/div>\n<\/div>\n<div class=\"o9v6fnle cxmmr5t8 oygrvhab hcukyx3x c1et5uql ii04i59q\">\n<div dir=\"auto\">Esta es una gran noticia para quienes aspiren tener una Oportunidad de trabajo y enrolarse a las filas de la distribuci\u00f3n autorizada Royal Prestige Ecuador.<\/div>\n<div dir=\"auto\"><\/div>\n<\/div>\n<div class=\"o9v6fnle cxmmr5t8 oygrvhab hcukyx3x c1et5uql ii04i59q\">\n<div dir=\"auto\">El Centro de Negocios se encuentra ubicado en las calles Bernardo Valdiviezo 191-38 y Quito, Esquina.<\/div>\n<div dir=\"auto\"><\/div>\n<\/div>\n<div class=\"o9v6fnle cxmmr5t8 oygrvhab hcukyx3x c1et5uql ii04i59q\">\n<div dir=\"auto\">@corpalfa.ecuador \/@corpalfa_business_<\/div>\n<div dir=\"auto\"><\/div>\n<\/div>\n<div class=\"o9v6fnle cxmmr5t8 oygrvhab hcukyx3x c1et5uql ii04i59q\">\n<div dir=\"auto\"><a class=\"oajrlxb2 g5ia77u1 qu0x051f esr5mh6w e9989ue4 r7d6kgcz rq0escxv nhd2j8a9 nc684nl6 p7hjln8o kvgmc6g5 cxmmr5t8 oygrvhab hcukyx3x jb3vyjys rz4wbd8a qt6c0cv9 a8nywdso i1ao9s8h esuyzwwr f1sip0of lzcic4wl q66pz984 gpro0wi8 b1v8xokw\" tabindex=\"0\" role=\"link\" href=\"https:\/\/www.facebook.com\/hashtag\/ldmnoticias?__eep__=6&amp;__cft__[0]=AZV5fVj19yOmOCVJbOIjuLZTw6ujOIVyhkDm6b3eWgDRo3Fn3N8YXPcrjCCMfolY8OseHgQ5EPRqwJZYQjnO2FyfsjXCNyODccHaKF39-p-MFac6GFY7z0EhQhL7frq8BLLmw9bZFkm7DJLQwqw3eQ69wjIPNbKN5HMpqVImWCKq8VP5GBDuxZWxj39a32NYmqA&amp;__tn__=*NK-R\">#LDMnoticias<\/a> <a class=\"oajrlxb2 g5ia77u1 qu0x051f esr5mh6w e9989ue4 r7d6kgcz rq0escxv nhd2j8a9 nc684nl6 p7hjln8o kvgmc6g5 cxmmr5t8 oygrvhab hcukyx3x jb3vyjys rz4wbd8a qt6c0cv9 a8nywdso i1ao9s8h esuyzwwr f1sip0of lzcic4wl q66pz984 gpro0wi8 b1v8xokw\" tabindex=\"0\" role=\"link\" href=\"https:\/\/www.facebook.com\/hashtag\/lodelmomentolojaldm?__eep__=6&amp;__cft__[0]=AZV5fVj19yOmOCVJbOIjuLZTw6ujOIVyhkDm6b3eWgDRo3Fn3N8YXPcrjCCMfolY8OseHgQ5EPRqwJZYQjnO2FyfsjXCNyODccHaKF39-p-MFac6GFY7z0EhQhL7frq8BLLmw9bZFkm7DJLQwqw3eQ69wjIPNbKN5HMpqVImWCKq8VP5GBDuxZWxj39a32NYmqA&amp;__tn__=*NK-R\">#lodelmomentolojaLDM<\/a><\/div>\n<\/div>\n","protected":false},"excerpt":{"rendered":"<p>#Loja | Inauguraci\u00f3n de Corporaci\u00f3n Alfa en Loja. Este s\u00e1bado 10 de Julio se Inaugur\u00f3&#8230;<\/p>\n","protected":false},"author":1,"featured_media":4690,"comment_status":"open","ping_status":"open","sticky":false,"template":"","format":"standard","meta":{"footnotes":""},"categories":[1],"tags":[],"class_list":["post-4689","post","type-post","status-publish","format-standard","has-post-thumbnail","hentry","category-inicio"],"_links":{"self":[{"href":"https:\/\/www.lodelmomentoloja.com\/index.php?rest_route=\/wp\/v2\/posts\/4689"}],"collection":[{"href":"https:\/\/www.lodelmomentoloja.com\/index.php?rest_route=\/wp\/v2\/posts"}],"about":[{"href":"https:\/\/www.lodelmomentoloja.com\/index.php?rest_route=\/wp\/v2\/types\/post"}],"author":[{"embeddable":true,"href":"https:\/\/www.lodelmomentoloja.com\/index.php?rest_route=\/wp\/v2\/users\/1"}],"replies":[{"embeddable":true,"href":"https:\/\/www.lodelmomentoloja.com\/index.php?rest_route=%2Fwp%2Fv2%2Fcomments&post=4689"}],"version-history":[{"count":2,"href":"https:\/\/www.lodelmomentoloja.com\/index.php?rest_route=\/wp\/v2\/posts\/4689\/revisions"}],"predecessor-version":[{"id":4714,"href":"https:\/\/www.lodelmomentoloja.com\/index.php?rest_route=\/wp\/v2\/posts\/4689\/revisions\/4714"}],"wp:featuredmedia":[{"embeddable":true,"href":"https:\/\/www.lodelmomentoloja.com\/index.php?rest_route=\/wp\/v2\/media\/4690"}],"wp:attachment":[{"href":"https:\/\/www.lodelmomentoloja.com\/index.php?rest_route=%2Fwp%2Fv2%2Fmedia&parent=4689"}],"wp:term":[{"taxonomy":"category","embeddable":true,"href":"https:\/\/www.lodelmomentoloja.com\/index.php?rest_route=%2Fwp%2Fv2%2Fcategories&post=4689"},{"taxonomy":"post_tag","embeddable":true,"href":"https:\/\/www.lodelmomentoloja.com\/index.php?rest_route=%2Fwp%2Fv2%2Ftags&post=4689"}],"curies":[{"name":"wp","href":"https:\/\/api.w.org\/{rel}","templated":true}]}}