{"id":4685,"date":"2021-07-12T18:12:05","date_gmt":"2021-07-12T18:12:05","guid":{"rendered":"http:\/\/www.lodelmomentoloja.com\/?p=4685"},"modified":"2021-07-12T23:12:55","modified_gmt":"2021-07-12T23:12:55","slug":"variante-delta-de-covid-19-esta-presente-en-ecuador-desde-junio","status":"publish","type":"post","link":"https:\/\/www.lodelmomentoloja.com\/?p=4685","title":{"rendered":"Variante Delta de Covid-19 est\u00e1 presente en Ecuador desde Junio."},"content":{"rendered":"<div class=\"kvgmc6g5 cxmmr5t8 oygrvhab hcukyx3x c1et5uql ii04i59q\">\n<div dir=\"auto\"><a class=\"oajrlxb2 g5ia77u1 qu0x051f esr5mh6w e9989ue4 r7d6kgcz rq0escxv nhd2j8a9 nc684nl6 p7hjln8o kvgmc6g5 cxmmr5t8 oygrvhab hcukyx3x jb3vyjys rz4wbd8a qt6c0cv9 a8nywdso i1ao9s8h esuyzwwr f1sip0of lzcic4wl q66pz984 gpro0wi8 b1v8xokw\" tabindex=\"0\" role=\"link\" href=\"https:\/\/www.facebook.com\/hashtag\/nacional?__eep__=6&amp;__cft__[0]=AZVvQZ1mEQo9P5hjGflsi95qGE2WzmO4AU_wWW9TagL6p2gGNkXJzpoFsN4QBi8ns_JhQm9fI55t2g341M0GpMm1Qtkc3ZMaoueSRsKjKKZSbRB6rozAscLnYYLs-FqR3R2-2lZW50Wpd06YagrFfTnsJXBWCxJYbPIe9Q4Fbme1FhX-aSR9PnJxFT997Ssk9O0&amp;__tn__=*NK-R\">#Nacional<\/a> | Variante Delta de Covid-19 est\u00e1 presente en Ecuador desde Junio.<\/div>\n<div dir=\"auto\"><\/div>\n<\/div>\n<div class=\"o9v6fnle cxmmr5t8 oygrvhab hcukyx3x c1et5uql ii04i59q\">\n<div dir=\"auto\">El Comit\u00e9 de Operaciones de Emergencia (COE) nacional analiza la adopci\u00f3n de medidas de focalizadas en El Oro y Guayas, luego de que el Ministerio de Salud P\u00fablica confirmara este lunes 12 de julio la detecci\u00f3n en esas provincias de diez casos de la variante delta del virus causante de la Covid-19, incluido uno de delta plus.<\/div>\n<div dir=\"auto\"><\/div>\n<\/div>\n<div class=\"o9v6fnle cxmmr5t8 oygrvhab hcukyx3x c1et5uql ii04i59q\">\n<div dir=\"auto\">En una rueda de prensa conjunta realizada este mediod\u00eda, la ministra de Salud, Ximena Garz\u00f3n, confirm\u00f3 la versi\u00f3n de que hab\u00eda diez casos de esa variante, considerada la m\u00e1s contagiosa de las que se han derivado del virus original. Precis\u00f3 que eran 8 en El Oro y 2 en Guayas. Y acot\u00f3 que entre los orenses hab\u00eda un caso de delta plus.<\/div>\n<div dir=\"auto\"><\/div>\n<\/div>\n<div class=\"o9v6fnle cxmmr5t8 oygrvhab hcukyx3x c1et5uql ii04i59q\">\n<div dir=\"auto\">Estos casos fueron detectados por el Instituto Nacional de Investigaci\u00f3n en Salud P\u00fablica (INSPI), que junto a la Universidad San Francisco de Quito (USFQ) y la Universidad de Especialidades Esp\u00edritu Santo (UEES), realizan la vigilancia gen\u00f3mica del virus, mediante la secuenciaci\u00f3n de muestras tomadas de pacientes positivos de Covid-19.<\/div>\n<div dir=\"auto\"><\/div>\n<\/div>\n<div class=\"o9v6fnle cxmmr5t8 oygrvhab hcukyx3x c1et5uql ii04i59q\">\n<div dir=\"auto\"><a class=\"oajrlxb2 g5ia77u1 qu0x051f esr5mh6w e9989ue4 r7d6kgcz rq0escxv nhd2j8a9 nc684nl6 p7hjln8o kvgmc6g5 cxmmr5t8 oygrvhab hcukyx3x jb3vyjys rz4wbd8a qt6c0cv9 a8nywdso i1ao9s8h esuyzwwr f1sip0of lzcic4wl py34i1dx gpro0wi8\" tabindex=\"0\" role=\"link\" href=\"https:\/\/l.facebook.com\/l.php?u=http%3A%2F%2Fwww.lodelmomentoloja.com%2F%3Ffbclid%3DIwAR0fkTYGA_c6ALXXUQ1uOjFCxdGlcShByNjjLuP9wlrVLXZeYq8E6ey60wE&amp;h=AT09N8rz12-IV7wH28HUKMOyVqGdPQbmjixpfQZd-wPA1RgBcvvdNvy9SZmudPCnEL8Wv8KtDbAKks_W3OuXYiuZSBAqP-Rww8KjIsfnnRJALyUyjcbYTWnPxQUTmXHQ&amp;__tn__=-UK-R&amp;c[0]=AT2hnmiL7p1PmQOvrC1j61ACMlfmekcR6JQ90xn0Nvfq-AwgwKibmuLOvX5yAQRz6e5c94AClhztZmQfNzOkVxxKSmeN6BIoTB6ncIuEC19ROoGvL3qeid048WUIm5var2UzSbczgxu5TNNUXD4SfsVEvFpVp-ndD4yGF0Fg8zrAx1DUvM7DCC2idn6g4U-rhuiOKN48\" target=\"_blank\" rel=\"nofollow noopener\">www.lodelmomentoloja.com<\/a><\/div>\n<div dir=\"auto\"><a class=\"oajrlxb2 g5ia77u1 qu0x051f esr5mh6w e9989ue4 r7d6kgcz rq0escxv nhd2j8a9 nc684nl6 p7hjln8o kvgmc6g5 cxmmr5t8 oygrvhab hcukyx3x jb3vyjys rz4wbd8a qt6c0cv9 a8nywdso i1ao9s8h esuyzwwr f1sip0of lzcic4wl q66pz984 gpro0wi8 b1v8xokw\" tabindex=\"0\" role=\"link\" href=\"https:\/\/www.facebook.com\/hashtag\/ldmnoticias?__eep__=6&amp;__cft__[0]=AZVvQZ1mEQo9P5hjGflsi95qGE2WzmO4AU_wWW9TagL6p2gGNkXJzpoFsN4QBi8ns_JhQm9fI55t2g341M0GpMm1Qtkc3ZMaoueSRsKjKKZSbRB6rozAscLnYYLs-FqR3R2-2lZW50Wpd06YagrFfTnsJXBWCxJYbPIe9Q4Fbme1FhX-aSR9PnJxFT997Ssk9O0&amp;__tn__=*NK-R\">#LDMnoticias<\/a> <a class=\"oajrlxb2 g5ia77u1 qu0x051f esr5mh6w e9989ue4 r7d6kgcz rq0escxv nhd2j8a9 nc684nl6 p7hjln8o kvgmc6g5 cxmmr5t8 oygrvhab hcukyx3x jb3vyjys rz4wbd8a qt6c0cv9 a8nywdso i1ao9s8h esuyzwwr f1sip0of lzcic4wl q66pz984 gpro0wi8 b1v8xokw\" tabindex=\"0\" role=\"link\" href=\"https:\/\/www.facebook.com\/hashtag\/lodelmomentolojaldm?__eep__=6&amp;__cft__[0]=AZVvQZ1mEQo9P5hjGflsi95qGE2WzmO4AU_wWW9TagL6p2gGNkXJzpoFsN4QBi8ns_JhQm9fI55t2g341M0GpMm1Qtkc3ZMaoueSRsKjKKZSbRB6rozAscLnYYLs-FqR3R2-2lZW50Wpd06YagrFfTnsJXBWCxJYbPIe9Q4Fbme1FhX-aSR9PnJxFT997Ssk9O0&amp;__tn__=*NK-R\">#lodelmomentolojaLDM<\/a><\/div>\n<\/div>\n","protected":false},"excerpt":{"rendered":"<p>#Nacional | Variante Delta de Covid-19 est\u00e1 presente en Ecuador desde Junio. El Comit\u00e9 de&#8230;<\/p>\n","protected":false},"author":1,"featured_media":4686,"comment_status":"open","ping_status":"open","sticky":false,"template":"","format":"standard","meta":{"footnotes":""},"categories":[1],"tags":[],"class_list":["post-4685","post","type-post","status-publish","format-standard","has-post-thumbnail","hentry","category-inicio"],"_links":{"self":[{"href":"https:\/\/www.lodelmomentoloja.com\/index.php?rest_route=\/wp\/v2\/posts\/4685"}],"collection":[{"href":"https:\/\/www.lodelmomentoloja.com\/index.php?rest_route=\/wp\/v2\/posts"}],"about":[{"href":"https:\/\/www.lodelmomentoloja.com\/index.php?rest_route=\/wp\/v2\/types\/post"}],"author":[{"embeddable":true,"href":"https:\/\/www.lodelmomentoloja.com\/index.php?rest_route=\/wp\/v2\/users\/1"}],"replies":[{"embeddable":true,"href":"https:\/\/www.lodelmomentoloja.com\/index.php?rest_route=%2Fwp%2Fv2%2Fcomments&post=4685"}],"version-history":[{"count":2,"href":"https:\/\/www.lodelmomentoloja.com\/index.php?rest_route=\/wp\/v2\/posts\/4685\/revisions"}],"predecessor-version":[{"id":4688,"href":"https:\/\/www.lodelmomentoloja.com\/index.php?rest_route=\/wp\/v2\/posts\/4685\/revisions\/4688"}],"wp:featuredmedia":[{"embeddable":true,"href":"https:\/\/www.lodelmomentoloja.com\/index.php?rest_route=\/wp\/v2\/media\/4686"}],"wp:attachment":[{"href":"https:\/\/www.lodelmomentoloja.com\/index.php?rest_route=%2Fwp%2Fv2%2Fmedia&parent=4685"}],"wp:term":[{"taxonomy":"category","embeddable":true,"href":"https:\/\/www.lodelmomentoloja.com\/index.php?rest_route=%2Fwp%2Fv2%2Fcategories&post=4685"},{"taxonomy":"post_tag","embeddable":true,"href":"https:\/\/www.lodelmomentoloja.com\/index.php?rest_route=%2Fwp%2Fv2%2Ftags&post=4685"}],"curies":[{"name":"wp","href":"https:\/\/api.w.org\/{rel}","templated":true}]}}