{"id":4673,"date":"2021-07-12T18:07:42","date_gmt":"2021-07-12T18:07:42","guid":{"rendered":"http:\/\/www.lodelmomentoloja.com\/?p=4673"},"modified":"2021-07-12T23:08:56","modified_gmt":"2021-07-12T23:08:56","slug":"se-inicia-la-fase-3-de-vacunacion-en-ecuador","status":"publish","type":"post","link":"https:\/\/www.lodelmomentoloja.com\/?p=4673","title":{"rendered":"Se inicia la fase 3 de vacunaci\u00f3n en Ecuador."},"content":{"rendered":"<div class=\"kvgmc6g5 cxmmr5t8 oygrvhab hcukyx3x c1et5uql ii04i59q\">\n<div dir=\"auto\"><a class=\"oajrlxb2 g5ia77u1 qu0x051f esr5mh6w e9989ue4 r7d6kgcz rq0escxv nhd2j8a9 nc684nl6 p7hjln8o kvgmc6g5 cxmmr5t8 oygrvhab hcukyx3x jb3vyjys rz4wbd8a qt6c0cv9 a8nywdso i1ao9s8h esuyzwwr f1sip0of lzcic4wl q66pz984 gpro0wi8 b1v8xokw\" tabindex=\"0\" role=\"link\" href=\"https:\/\/www.facebook.com\/hashtag\/ecuador?__eep__=6&amp;__cft__[0]=AZUcDvmPWql1W3BPmUqrp5kPZ_aZOgRikwdvEGEa5uadajMUYsktitru_lQCCkoryftGtGZ2K8nEkaOqPSAtklMRBNNseMHMNzQfvL4-UrhbEL7dvCbL7wyTeOaG5U2hL3gvM-gUGIKQKczvvGI7GPVMVhiL9qESCRYfCMlWGFiaxfWSQKXu8Hy4AgWBLFycXWk&amp;__tn__=*NK-R\">#Ecuador<\/a> | Se inicia la fase 3 de vacunaci\u00f3n en Ecuador.<\/div>\n<div dir=\"auto\"><\/div>\n<\/div>\n<div class=\"o9v6fnle cxmmr5t8 oygrvhab hcukyx3x c1et5uql ii04i59q\">\n<div dir=\"auto\">A partir de este lunes 12 en el pa\u00eds se iniciar\u00e1, de manera anticipada, la tercera fase Menor Contagio del plan de vacunaci\u00f3n 9\/100, que apunta a inocular contra el COVID-19 a 9 millones de personas en los primeros 100 d\u00edas de gesti\u00f3n del Gobierno actual, que asumi\u00f3 el 24 de mayo. Inicialmente esta fase estaba prevista del 15 de julio en adelante, pero el Ministerio de Salud P\u00fablica (MSP) la adelant\u00f3 con miras a acelerar el proceso de inmunizaci\u00f3n.<\/div>\n<div dir=\"auto\"><\/div>\n<\/div>\n<div class=\"o9v6fnle cxmmr5t8 oygrvhab hcukyx3x c1et5uql ii04i59q\">\n<div dir=\"auto\">Universidades, la empresa privada y dem\u00e1s instancias se han sumado a la iniciativa que, entre otros objetivos, busca la reactivaci\u00f3n de la econom\u00eda nacional.<\/div>\n<div dir=\"auto\"><\/div>\n<\/div>\n<div class=\"o9v6fnle cxmmr5t8 oygrvhab hcukyx3x c1et5uql ii04i59q\">\n<div dir=\"auto\">Hasta el viernes 9 de julio, el vacun\u00f3metro (herramienta gubernamental para medir la inmunizaci\u00f3n contra el coronavirus) registraba 1\u2032664.155 personas vacunadas con las dos dosis y parcialmente inmunizadas a 2\u2032050.378. En total se hab\u00edan aplicado hasta esa fecha 5\u2032378.688 dosis.<\/div>\n<div dir=\"auto\"><\/div>\n<\/div>\n<div class=\"o9v6fnle cxmmr5t8 oygrvhab hcukyx3x c1et5uql ii04i59q\">\n<div dir=\"auto\"><a class=\"oajrlxb2 g5ia77u1 qu0x051f esr5mh6w e9989ue4 r7d6kgcz rq0escxv nhd2j8a9 nc684nl6 p7hjln8o kvgmc6g5 cxmmr5t8 oygrvhab hcukyx3x jb3vyjys rz4wbd8a qt6c0cv9 a8nywdso i1ao9s8h esuyzwwr f1sip0of lzcic4wl py34i1dx gpro0wi8\" tabindex=\"0\" role=\"link\" href=\"https:\/\/l.facebook.com\/l.php?u=http%3A%2F%2Fwww.lodelmomentoloja.com%2F%3Ffbclid%3DIwAR0_mW1Dva3AwCPG8EhRZ8U4sSKmraTW1tFT8bw-NUIVVU565yhonU18hr0&amp;h=AT09N8rz12-IV7wH28HUKMOyVqGdPQbmjixpfQZd-wPA1RgBcvvdNvy9SZmudPCnEL8Wv8KtDbAKks_W3OuXYiuZSBAqP-Rww8KjIsfnnRJALyUyjcbYTWnPxQUTmXHQ&amp;__tn__=-UK-R&amp;c[0]=AT3egZ-AAQu9foUR18_F4AzzuIIXASf6c_20B6xt7wvGZ6aRILgH5iBMNT13jsZD2RJf26O6K7qtK8NypTxs5pa82JKT_swp9exjOjJMjd6rt3Md3ieJKx4b0hxmVw4apBlHWhsbQCW4U4gQ1ARA8pOhRIdwWHN8ztAGAeOYKTdCd8tf4ZvT50wlPYKKKrVSclFstv93\" target=\"_blank\" rel=\"nofollow noopener\">www.lodelmomentoloja.com<\/a><\/div>\n<div dir=\"auto\"><a class=\"oajrlxb2 g5ia77u1 qu0x051f esr5mh6w e9989ue4 r7d6kgcz rq0escxv nhd2j8a9 nc684nl6 p7hjln8o kvgmc6g5 cxmmr5t8 oygrvhab hcukyx3x jb3vyjys rz4wbd8a qt6c0cv9 a8nywdso i1ao9s8h esuyzwwr f1sip0of lzcic4wl q66pz984 gpro0wi8 b1v8xokw\" tabindex=\"0\" role=\"link\" href=\"https:\/\/www.facebook.com\/hashtag\/ldmnoticias?__eep__=6&amp;__cft__[0]=AZUcDvmPWql1W3BPmUqrp5kPZ_aZOgRikwdvEGEa5uadajMUYsktitru_lQCCkoryftGtGZ2K8nEkaOqPSAtklMRBNNseMHMNzQfvL4-UrhbEL7dvCbL7wyTeOaG5U2hL3gvM-gUGIKQKczvvGI7GPVMVhiL9qESCRYfCMlWGFiaxfWSQKXu8Hy4AgWBLFycXWk&amp;__tn__=*NK-R\">#LDMnoticias<\/a> <a class=\"oajrlxb2 g5ia77u1 qu0x051f esr5mh6w e9989ue4 r7d6kgcz rq0escxv nhd2j8a9 nc684nl6 p7hjln8o kvgmc6g5 cxmmr5t8 oygrvhab hcukyx3x jb3vyjys rz4wbd8a qt6c0cv9 a8nywdso i1ao9s8h esuyzwwr f1sip0of lzcic4wl q66pz984 gpro0wi8 b1v8xokw\" tabindex=\"0\" role=\"link\" href=\"https:\/\/www.facebook.com\/hashtag\/lodelmomentolojaldm?__eep__=6&amp;__cft__[0]=AZUcDvmPWql1W3BPmUqrp5kPZ_aZOgRikwdvEGEa5uadajMUYsktitru_lQCCkoryftGtGZ2K8nEkaOqPSAtklMRBNNseMHMNzQfvL4-UrhbEL7dvCbL7wyTeOaG5U2hL3gvM-gUGIKQKczvvGI7GPVMVhiL9qESCRYfCMlWGFiaxfWSQKXu8Hy4AgWBLFycXWk&amp;__tn__=*NK-R\">#LodelmomentolojaLDM<\/a><\/div>\n<\/div>\n","protected":false},"excerpt":{"rendered":"<p>#Ecuador | Se inicia la fase 3 de vacunaci\u00f3n en Ecuador. A partir de este&#8230;<\/p>\n","protected":false},"author":1,"featured_media":4674,"comment_status":"open","ping_status":"open","sticky":false,"template":"","format":"standard","meta":{"footnotes":""},"categories":[1],"tags":[],"class_list":["post-4673","post","type-post","status-publish","format-standard","has-post-thumbnail","hentry","category-inicio"],"_links":{"self":[{"href":"https:\/\/www.lodelmomentoloja.com\/index.php?rest_route=\/wp\/v2\/posts\/4673"}],"collection":[{"href":"https:\/\/www.lodelmomentoloja.com\/index.php?rest_route=\/wp\/v2\/posts"}],"about":[{"href":"https:\/\/www.lodelmomentoloja.com\/index.php?rest_route=\/wp\/v2\/types\/post"}],"author":[{"embeddable":true,"href":"https:\/\/www.lodelmomentoloja.com\/index.php?rest_route=\/wp\/v2\/users\/1"}],"replies":[{"embeddable":true,"href":"https:\/\/www.lodelmomentoloja.com\/index.php?rest_route=%2Fwp%2Fv2%2Fcomments&post=4673"}],"version-history":[{"count":2,"href":"https:\/\/www.lodelmomentoloja.com\/index.php?rest_route=\/wp\/v2\/posts\/4673\/revisions"}],"predecessor-version":[{"id":4676,"href":"https:\/\/www.lodelmomentoloja.com\/index.php?rest_route=\/wp\/v2\/posts\/4673\/revisions\/4676"}],"wp:featuredmedia":[{"embeddable":true,"href":"https:\/\/www.lodelmomentoloja.com\/index.php?rest_route=\/wp\/v2\/media\/4674"}],"wp:attachment":[{"href":"https:\/\/www.lodelmomentoloja.com\/index.php?rest_route=%2Fwp%2Fv2%2Fmedia&parent=4673"}],"wp:term":[{"taxonomy":"category","embeddable":true,"href":"https:\/\/www.lodelmomentoloja.com\/index.php?rest_route=%2Fwp%2Fv2%2Fcategories&post=4673"},{"taxonomy":"post_tag","embeddable":true,"href":"https:\/\/www.lodelmomentoloja.com\/index.php?rest_route=%2Fwp%2Fv2%2Ftags&post=4673"}],"curies":[{"name":"wp","href":"https:\/\/api.w.org\/{rel}","templated":true}]}}