{"id":4655,"date":"2021-07-09T11:43:53","date_gmt":"2021-07-09T11:43:53","guid":{"rendered":"http:\/\/www.lodelmomentoloja.com\/?p=4655"},"modified":"2021-07-09T16:43:26","modified_gmt":"2021-07-09T16:43:26","slug":"iess-en-la-quiebra","status":"publish","type":"post","link":"https:\/\/www.lodelmomentoloja.com\/?p=4655","title":{"rendered":"IESS en la quiebra"},"content":{"rendered":"<div class=\"kvgmc6g5 cxmmr5t8 oygrvhab hcukyx3x c1et5uql ii04i59q\">\n<div dir=\"auto\"><a class=\"oajrlxb2 g5ia77u1 qu0x051f esr5mh6w e9989ue4 r7d6kgcz rq0escxv nhd2j8a9 nc684nl6 p7hjln8o kvgmc6g5 cxmmr5t8 oygrvhab hcukyx3x jb3vyjys rz4wbd8a qt6c0cv9 a8nywdso i1ao9s8h esuyzwwr f1sip0of lzcic4wl q66pz984 gpro0wi8 b1v8xokw\" tabindex=\"0\" role=\"link\" href=\"https:\/\/www.facebook.com\/hashtag\/ecuador?__eep__=6&amp;__cft__[0]=AZUktyhvJOQezmWbekOqtKL4bFUR0_twpQcwVl4lIIsTG7AzrZc26VUBbEJpdDWPAJ3MzutLBUVQphu7f0C4RbsWA08-6-28bZM7-dII3yOrA5UXegNdy69YC462yyzqW_sQJawHosJMw3HUP3U0sSYghcslV_Iu85IJjTEL8tz-UR4dfSMR9mQoHQIK7XHGB-Y&amp;__tn__=*NK-R\">#Ecuador<\/a> | Jubilados y pensionistas del Ecuador exigen salvar al fondo de salud del IESS de la \u2018quiebra\u2019.<\/div>\n<\/div>\n<div class=\"o9v6fnle cxmmr5t8 oygrvhab hcukyx3x c1et5uql ii04i59q\">\n<div dir=\"auto\">La falta de pago que se viene arrastrando durante a\u00f1os de la deuda de salud y los gastos que se han generado fuera de financiamiento han dejado al IESS en esta situaci\u00f3n.<\/div>\n<div dir=\"auto\"><\/div>\n<\/div>\n<div class=\"o9v6fnle cxmmr5t8 oygrvhab hcukyx3x c1et5uql ii04i59q\">\n<div dir=\"auto\">\u201cRecibimos esta noticia que nos afecta ps\u00edquica y fisiol\u00f3gicamente toda vez que nos genera incertidumbre sobre el futuro de nuestras atenciones m\u00e9dicas\u201d, dice el comunicado firmado por Manuel Mu\u00f1oz, presidente de la Confederaci\u00f3n de Jubilados y Pensionistas del Ecuador.<\/div>\n<div dir=\"auto\"><\/div>\n<\/div>\n<div class=\"o9v6fnle cxmmr5t8 oygrvhab hcukyx3x c1et5uql ii04i59q\">\n<div dir=\"auto\">Esta reacci\u00f3n surge tras las declaraciones de C\u00e9sar Rodr\u00edguez, delegado de los empleadores en el IESS, quien mencion\u00f3 que el \u201cfondo de salud del IESS est\u00e1 quebrado\u201d y que solo tiene recursos para un mes m\u00e1s.<\/div>\n<div dir=\"auto\"><\/div>\n<\/div>\n<div class=\"o9v6fnle cxmmr5t8 oygrvhab hcukyx3x c1et5uql ii04i59q\">\n<div dir=\"auto\">\u201cPara el pr\u00f3ximo mes, el fondo de salud est\u00e1 en cero, y para agosto y septiembre de este a\u00f1o no tendremos para pagar a nadie. Esa es la verdad: estamos quebrados\u201d, dijo Rodr\u00edguez.<\/div>\n<div dir=\"auto\"><\/div>\n<\/div>\n<div class=\"o9v6fnle cxmmr5t8 oygrvhab hcukyx3x c1et5uql ii04i59q\">\n<div dir=\"auto\">Imagen: El Universo<\/div>\n<div dir=\"auto\"><\/div>\n<\/div>\n<div class=\"o9v6fnle cxmmr5t8 oygrvhab hcukyx3x c1et5uql ii04i59q\">\n<div dir=\"auto\"><a class=\"oajrlxb2 g5ia77u1 qu0x051f esr5mh6w e9989ue4 r7d6kgcz rq0escxv nhd2j8a9 nc684nl6 p7hjln8o kvgmc6g5 cxmmr5t8 oygrvhab hcukyx3x jb3vyjys rz4wbd8a qt6c0cv9 a8nywdso i1ao9s8h esuyzwwr f1sip0of lzcic4wl py34i1dx gpro0wi8\" tabindex=\"0\" role=\"link\" href=\"https:\/\/l.facebook.com\/l.php?u=http%3A%2F%2Fwww.lodelmomentoloja.com%2F%3Ffbclid%3DIwAR09KdrV_6ImIA4p3TnTusdnp-HIJ6JLl_KGwmaVhHik1x7BG_QBjt6UJ7E&amp;h=AT1s2HJS5EywbRv6pV4zyUqpBb-xqAhK15HuCe17eyEMaIl_5Gzh9QPmaDunHrgpY_opft4J0f_WvNlUxOFbQpTImiDq4DpGaWphDZVAjUVaOZTCdL3id68rZAIulWqr&amp;__tn__=-UK-R&amp;c[0]=AT1Bvc7QemWUcq76cmcLTG-0c-CDSakfBXKpeonpTtN_iYHe3Xdi5XPg7Ms6i4vhoMT7AwU80vAVmkYKpesQRTTLG9jxeuAwUw0f8aFyOP6sF1fWuE77CbE2M1N6YCXZZQ6je4NDWeOZoiGK1haN9rAhl4kutp-SC2_sYVAczuTXO1Uy4NT3HRVjRyQAw8PE5SFNRAB8\" target=\"_blank\" rel=\"nofollow noopener\">www.lodelmomentoloja.com<\/a><\/div>\n<div dir=\"auto\"><a class=\"oajrlxb2 g5ia77u1 qu0x051f esr5mh6w e9989ue4 r7d6kgcz rq0escxv nhd2j8a9 nc684nl6 p7hjln8o kvgmc6g5 cxmmr5t8 oygrvhab hcukyx3x jb3vyjys rz4wbd8a qt6c0cv9 a8nywdso i1ao9s8h esuyzwwr f1sip0of lzcic4wl q66pz984 gpro0wi8 b1v8xokw\" tabindex=\"0\" role=\"link\" href=\"https:\/\/www.facebook.com\/hashtag\/ldmnoticias?__eep__=6&amp;__cft__[0]=AZUktyhvJOQezmWbekOqtKL4bFUR0_twpQcwVl4lIIsTG7AzrZc26VUBbEJpdDWPAJ3MzutLBUVQphu7f0C4RbsWA08-6-28bZM7-dII3yOrA5UXegNdy69YC462yyzqW_sQJawHosJMw3HUP3U0sSYghcslV_Iu85IJjTEL8tz-UR4dfSMR9mQoHQIK7XHGB-Y&amp;__tn__=*NK-R\">#LDMnoticias<\/a> <a class=\"oajrlxb2 g5ia77u1 qu0x051f esr5mh6w e9989ue4 r7d6kgcz rq0escxv nhd2j8a9 nc684nl6 p7hjln8o kvgmc6g5 cxmmr5t8 oygrvhab hcukyx3x jb3vyjys rz4wbd8a qt6c0cv9 a8nywdso i1ao9s8h esuyzwwr f1sip0of lzcic4wl q66pz984 gpro0wi8 b1v8xokw\" tabindex=\"0\" role=\"link\" href=\"https:\/\/www.facebook.com\/hashtag\/lodelmomentolojaldm?__eep__=6&amp;__cft__[0]=AZUktyhvJOQezmWbekOqtKL4bFUR0_twpQcwVl4lIIsTG7AzrZc26VUBbEJpdDWPAJ3MzutLBUVQphu7f0C4RbsWA08-6-28bZM7-dII3yOrA5UXegNdy69YC462yyzqW_sQJawHosJMw3HUP3U0sSYghcslV_Iu85IJjTEL8tz-UR4dfSMR9mQoHQIK7XHGB-Y&amp;__tn__=*NK-R\">#lodelmomentolojaLDM<\/a><\/div>\n<\/div>\n","protected":false},"excerpt":{"rendered":"<p>#Ecuador | Jubilados y pensionistas del Ecuador exigen salvar al fondo de salud del IESS&#8230;<\/p>\n","protected":false},"author":1,"featured_media":4656,"comment_status":"open","ping_status":"open","sticky":false,"template":"","format":"standard","meta":{"footnotes":""},"categories":[1],"tags":[],"class_list":["post-4655","post","type-post","status-publish","format-standard","has-post-thumbnail","hentry","category-inicio"],"_links":{"self":[{"href":"https:\/\/www.lodelmomentoloja.com\/index.php?rest_route=\/wp\/v2\/posts\/4655"}],"collection":[{"href":"https:\/\/www.lodelmomentoloja.com\/index.php?rest_route=\/wp\/v2\/posts"}],"about":[{"href":"https:\/\/www.lodelmomentoloja.com\/index.php?rest_route=\/wp\/v2\/types\/post"}],"author":[{"embeddable":true,"href":"https:\/\/www.lodelmomentoloja.com\/index.php?rest_route=\/wp\/v2\/users\/1"}],"replies":[{"embeddable":true,"href":"https:\/\/www.lodelmomentoloja.com\/index.php?rest_route=%2Fwp%2Fv2%2Fcomments&post=4655"}],"version-history":[{"count":1,"href":"https:\/\/www.lodelmomentoloja.com\/index.php?rest_route=\/wp\/v2\/posts\/4655\/revisions"}],"predecessor-version":[{"id":4657,"href":"https:\/\/www.lodelmomentoloja.com\/index.php?rest_route=\/wp\/v2\/posts\/4655\/revisions\/4657"}],"wp:featuredmedia":[{"embeddable":true,"href":"https:\/\/www.lodelmomentoloja.com\/index.php?rest_route=\/wp\/v2\/media\/4656"}],"wp:attachment":[{"href":"https:\/\/www.lodelmomentoloja.com\/index.php?rest_route=%2Fwp%2Fv2%2Fmedia&parent=4655"}],"wp:term":[{"taxonomy":"category","embeddable":true,"href":"https:\/\/www.lodelmomentoloja.com\/index.php?rest_route=%2Fwp%2Fv2%2Fcategories&post=4655"},{"taxonomy":"post_tag","embeddable":true,"href":"https:\/\/www.lodelmomentoloja.com\/index.php?rest_route=%2Fwp%2Fv2%2Ftags&post=4655"}],"curies":[{"name":"wp","href":"https:\/\/api.w.org\/{rel}","templated":true}]}}