{"id":4653,"date":"2021-07-09T11:59:02","date_gmt":"2021-07-09T11:59:02","guid":{"rendered":"http:\/\/www.lodelmomentoloja.com\/?p=4653"},"modified":"2021-07-09T17:32:30","modified_gmt":"2021-07-09T17:32:30","slug":"asambleista-exhorta-pagar-incentivos-de-jubilacion-para-maestros","status":"publish","type":"post","link":"https:\/\/www.lodelmomentoloja.com\/?p=4653","title":{"rendered":"Asamble\u00edsta exhorta pagar incentivos de jubilaci\u00f3n para maestros."},"content":{"rendered":"<p>Cuando culmin\u00f3 el periodo del gobierno del expresidente Lenin moreno, unos<b>\u00a011.000 maestros pasivos<\/b>\u00a0no recibir\u00edan el\u00a0<b>pago del incentivo jubilar<\/b> mismos que vienen desde el a\u00f1o 2008 y estar\u00edan oscilando entre unos $590 millones que el Estado Ecuatoriano debe cancelar. Hoy en d\u00eda, tras haber transcurrido m\u00e1s de 46 d\u00edas del nuevo Gobierno del Presidente Guillermo Lasso, las protestas de los maestros jubilados se han retomado, pidiendo al Estado que se cancelen sus incentivos, pero hasta el momento no hay algo concreto.<\/p>\n<p>&nbsp;<\/p>\n<p>En este mismo tema, mediante la sesi\u00f3n No. 715 de la Asamblea Nacional, la legisladora lojana Luc\u00eda Placencia, logra incluir a debate un exhorto al gobierno para que los adultos mayores reciban atenci\u00f3n prioritaria, y que cumpla con los compromisos adquiridos en materia de pago de pensiones a los maestros jubilados. Tras haber tomado votaci\u00f3n, alcanz\u00f3: <strong>106 votaron con un SI, 4 ausentaron el voto, 26 se abstuvieron y 1 dio voto negativo.<\/strong><\/p>\n<p>&nbsp;<\/p>\n<p>\u00bfC\u00f3mo votaron los asamble\u00edstas de la provincia de Loja?<\/p>\n<ul>\n<li>Johanna Ort\u00edz (SI)<\/li>\n<li>Luc\u00eda Placencia (SI)<\/li>\n<li>Manuel Medina (SI)<\/li>\n<li>Byron Maldonado (ABSTENCI\u00d3N)<\/li>\n<\/ul>\n<p>&nbsp;<\/p>\n<p><em><strong>&#8220;Cancelar los rubros del incentivo jubilar debe ser una prioridad para el Estado, hay maestros que llevan en lista de espera desde 2008. Es justo que se priorice este tema en los Ministerios de Ramo.<\/strong> \u00a1Siempre lucharemos por una justicia social con libertad!&#8221;<\/em> argument\u00f3 Luc\u00eda Placencia tras haber realizado dicha moci\u00f3n.<\/p>\n<p>&nbsp;<\/p>\n<p>#LDMnoticias #lodelmomentolojaLDM<\/p>\n<p>&nbsp;<\/p>\n","protected":false},"excerpt":{"rendered":"<p>Cuando culmin\u00f3 el periodo del gobierno del expresidente Lenin moreno, unos\u00a011.000 maestros pasivos\u00a0no recibir\u00edan el\u00a0pago&#8230;<\/p>\n","protected":false},"author":1,"featured_media":4660,"comment_status":"open","ping_status":"open","sticky":false,"template":"","format":"standard","meta":{"footnotes":""},"categories":[7,1],"tags":[],"class_list":["post-4653","post","type-post","status-publish","format-standard","has-post-thumbnail","hentry","category-ecuador","category-inicio"],"_links":{"self":[{"href":"https:\/\/www.lodelmomentoloja.com\/index.php?rest_route=\/wp\/v2\/posts\/4653"}],"collection":[{"href":"https:\/\/www.lodelmomentoloja.com\/index.php?rest_route=\/wp\/v2\/posts"}],"about":[{"href":"https:\/\/www.lodelmomentoloja.com\/index.php?rest_route=\/wp\/v2\/types\/post"}],"author":[{"embeddable":true,"href":"https:\/\/www.lodelmomentoloja.com\/index.php?rest_route=\/wp\/v2\/users\/1"}],"replies":[{"embeddable":true,"href":"https:\/\/www.lodelmomentoloja.com\/index.php?rest_route=%2Fwp%2Fv2%2Fcomments&post=4653"}],"version-history":[{"count":1,"href":"https:\/\/www.lodelmomentoloja.com\/index.php?rest_route=\/wp\/v2\/posts\/4653\/revisions"}],"predecessor-version":[{"id":4661,"href":"https:\/\/www.lodelmomentoloja.com\/index.php?rest_route=\/wp\/v2\/posts\/4653\/revisions\/4661"}],"wp:featuredmedia":[{"embeddable":true,"href":"https:\/\/www.lodelmomentoloja.com\/index.php?rest_route=\/wp\/v2\/media\/4660"}],"wp:attachment":[{"href":"https:\/\/www.lodelmomentoloja.com\/index.php?rest_route=%2Fwp%2Fv2%2Fmedia&parent=4653"}],"wp:term":[{"taxonomy":"category","embeddable":true,"href":"https:\/\/www.lodelmomentoloja.com\/index.php?rest_route=%2Fwp%2Fv2%2Fcategories&post=4653"},{"taxonomy":"post_tag","embeddable":true,"href":"https:\/\/www.lodelmomentoloja.com\/index.php?rest_route=%2Fwp%2Fv2%2Ftags&post=4653"}],"curies":[{"name":"wp","href":"https:\/\/api.w.org\/{rel}","templated":true}]}}