{"id":4634,"date":"2021-07-07T11:00:46","date_gmt":"2021-07-07T11:00:46","guid":{"rendered":"http:\/\/www.lodelmomentoloja.com\/?p=4634"},"modified":"2021-07-07T17:35:48","modified_gmt":"2021-07-07T17:35:48","slug":"percepciones-de-la-poblacion-urbana-sobre-el-condor-andino-en-el-ecuador","status":"publish","type":"post","link":"https:\/\/www.lodelmomentoloja.com\/?p=4634","title":{"rendered":"Percepciones de la poblaci\u00f3n urbana sobre el c\u00f3ndor andino en el Ecuador"},"content":{"rendered":"<p><strong>El d\u00eda del C\u00f3ndor Andino.<\/strong><\/p>\n<p>El c\u00f3ndor andino es una especie emblem\u00e1tica de los Andes y a su vez, es el ave carro\u00f1era m\u00e1s grande del mundo, pero est\u00e1 en la c\u00faspide de la cadena tr\u00f3fica. Su imagen ha estado presente desde tiempos inmemorables en culturas, fiestas y creencias y persiste en simbolismos y culturas actuales; sin embargo, esta especie ha mantenido en Ecuador amenazas conocidas desde hace m\u00e1s de 20 a\u00f1os (Koester 2002) y son contados los esfuerzos que se han generado para mitigarlas.<\/p>\n<p><img loading=\"lazy\" decoding=\"async\" class=\"alignnone wp-image-4639 size-full\" src=\"http:\/\/www.lodelmomentoloja.com\/wp-content\/uploads\/2021\/07\/andean-condor-flying.jpg\" alt=\"\" width=\"1024\" height=\"576\" srcset=\"https:\/\/www.lodelmomentoloja.com\/wp-content\/uploads\/2021\/07\/andean-condor-flying.jpg 1024w, https:\/\/www.lodelmomentoloja.com\/wp-content\/uploads\/2021\/07\/andean-condor-flying-300x169.jpg 300w, https:\/\/www.lodelmomentoloja.com\/wp-content\/uploads\/2021\/07\/andean-condor-flying-768x432.jpg 768w, https:\/\/www.lodelmomentoloja.com\/wp-content\/uploads\/2021\/07\/andean-condor-flying-640x360.jpg 640w\" sizes=\"(max-width: 1024px) 100vw, 1024px\" \/><\/p>\n<p>Ante lo mencionado,\u00a0 <strong>el Programa de Conservaci\u00f3n de C\u00f3ndor Andino<\/strong> en Ecuador realiz\u00f3 un estudio de m\u00e1s de 700 personas de entre 18 y 71 a\u00f1os, con el objetivo de evaluar los efectos socioecon\u00f3micos de la poblaci\u00f3n urbana sobre informaci\u00f3n general del c\u00f3ndor andino y como resultado los datos fueron alentadores, ya que existe una percepci\u00f3n positiva y un buen conocimiento del c\u00f3ndor andino en la poblaci\u00f3n urbana ecuatoriana. Pero, es necesario incluir de forma acertada la informaci\u00f3n general desconocida de la especie para complementar los vac\u00edos de conocimiento existentes. \u00c9sta falta de informaci\u00f3n, seg\u00fan el Programa de Conservaci\u00f3n, debe ser abordada con acciones puntuales de educaci\u00f3n ambiental por parte de las instituciones p\u00fablicas, privadas y personas inmersas en la conservaci\u00f3n del c\u00f3ndor andino en Ecuador.<\/p>\n<p><strong>\u00bfQu\u00e9 par\u00e1metros se obtuvieron?<\/strong><\/p>\n<ul>\n<li>Identificarlo: 80.85 % pueden hacerlo.<\/li>\n<li>Dieta: 86,91% conoce su dieta carro\u00f1era.<\/li>\n<li>Extinci\u00f3n: 97,25% saben que es especie en peligro.<\/li>\n<li>Perspectiva: 98,76% saben que es una especie ben\u00e9fica.<\/li>\n<li>Su tama\u00f1o: Un porcentaje importante del 24,66% desconoce el tama\u00f1o del c\u00f3ndor andino [&lt;1 y &gt; 4 m (13.77 %), desconocida (24.66 %)], y la diferencia (61.57 %) la conoce.<\/li>\n<li>Su distancia al volar: Sobre el vuelo de c\u00f3ndores adultos, es se\u00f1alada como desconocida en un 42,56 % y referida de forma err\u00f3nea 15,56 % (0-30 km).<\/li>\n<li>Reproducci\u00f3n: Finalmente, el 68,73 % de las personas conocen que los c\u00f3ndores andinos en reproducci\u00f3n anidan y ponen un huevo, y un 31,27 % la refiere de forma err\u00f3nea<\/li>\n<\/ul>\n<p><img loading=\"lazy\" decoding=\"async\" class=\"alignnone wp-image-4638 size-full\" src=\"http:\/\/www.lodelmomentoloja.com\/wp-content\/uploads\/2021\/07\/Condor-Iguinaro_MRB0140.jpg\" alt=\"\" width=\"1200\" height=\"800\" srcset=\"https:\/\/www.lodelmomentoloja.com\/wp-content\/uploads\/2021\/07\/Condor-Iguinaro_MRB0140.jpg 1200w, https:\/\/www.lodelmomentoloja.com\/wp-content\/uploads\/2021\/07\/Condor-Iguinaro_MRB0140-300x200.jpg 300w, https:\/\/www.lodelmomentoloja.com\/wp-content\/uploads\/2021\/07\/Condor-Iguinaro_MRB0140-1024x683.jpg 1024w, https:\/\/www.lodelmomentoloja.com\/wp-content\/uploads\/2021\/07\/Condor-Iguinaro_MRB0140-768x512.jpg 768w, https:\/\/www.lodelmomentoloja.com\/wp-content\/uploads\/2021\/07\/Condor-Iguinaro_MRB0140-640x427.jpg 640w\" sizes=\"(max-width: 1200px) 100vw, 1200px\" \/><\/p>\n<p>Esto, en caso de poder desarrollarse, sin duda alguna, podr\u00eda evitar que el ave m\u00e1s representativa de los ecuatorianos, se extinga con el pasar de los a\u00f1os.<\/p>\n<p>#LDMnoticias #lodelmomentolojaLDM<\/p>\n<p>&nbsp;<\/p>\n","protected":false},"excerpt":{"rendered":"<p>El d\u00eda del C\u00f3ndor Andino. El c\u00f3ndor andino es una especie emblem\u00e1tica de los Andes&#8230;<\/p>\n","protected":false},"author":1,"featured_media":4635,"comment_status":"open","ping_status":"open","sticky":false,"template":"","format":"standard","meta":{"footnotes":""},"categories":[7,1,4],"tags":[],"class_list":["post-4634","post","type-post","status-publish","format-standard","has-post-thumbnail","hentry","category-ecuador","category-inicio","category-internacional"],"_links":{"self":[{"href":"https:\/\/www.lodelmomentoloja.com\/index.php?rest_route=\/wp\/v2\/posts\/4634"}],"collection":[{"href":"https:\/\/www.lodelmomentoloja.com\/index.php?rest_route=\/wp\/v2\/posts"}],"about":[{"href":"https:\/\/www.lodelmomentoloja.com\/index.php?rest_route=\/wp\/v2\/types\/post"}],"author":[{"embeddable":true,"href":"https:\/\/www.lodelmomentoloja.com\/index.php?rest_route=\/wp\/v2\/users\/1"}],"replies":[{"embeddable":true,"href":"https:\/\/www.lodelmomentoloja.com\/index.php?rest_route=%2Fwp%2Fv2%2Fcomments&post=4634"}],"version-history":[{"count":3,"href":"https:\/\/www.lodelmomentoloja.com\/index.php?rest_route=\/wp\/v2\/posts\/4634\/revisions"}],"predecessor-version":[{"id":4640,"href":"https:\/\/www.lodelmomentoloja.com\/index.php?rest_route=\/wp\/v2\/posts\/4634\/revisions\/4640"}],"wp:featuredmedia":[{"embeddable":true,"href":"https:\/\/www.lodelmomentoloja.com\/index.php?rest_route=\/wp\/v2\/media\/4635"}],"wp:attachment":[{"href":"https:\/\/www.lodelmomentoloja.com\/index.php?rest_route=%2Fwp%2Fv2%2Fmedia&parent=4634"}],"wp:term":[{"taxonomy":"category","embeddable":true,"href":"https:\/\/www.lodelmomentoloja.com\/index.php?rest_route=%2Fwp%2Fv2%2Fcategories&post=4634"},{"taxonomy":"post_tag","embeddable":true,"href":"https:\/\/www.lodelmomentoloja.com\/index.php?rest_route=%2Fwp%2Fv2%2Ftags&post=4634"}],"curies":[{"name":"wp","href":"https:\/\/api.w.org\/{rel}","templated":true}]}}