{"id":4626,"date":"2021-07-07T08:00:15","date_gmt":"2021-07-07T08:00:15","guid":{"rendered":"http:\/\/www.lodelmomentoloja.com\/?p=4626"},"modified":"2021-07-07T17:36:13","modified_gmt":"2021-07-07T17:36:13","slug":"asesinaron-a-tiros-al-presidente-de-haiti","status":"publish","type":"post","link":"https:\/\/www.lodelmomentoloja.com\/?p=4626","title":{"rendered":"Asesinaron a tiros al presidente de Hait\u00ed."},"content":{"rendered":"<div class=\"\" data-block=\"true\" data-editor=\"dsqsb\" data-offset-key=\"55bne-0-0\"><\/div>\n<div class=\"\" data-block=\"true\" data-editor=\"dsqsb\" data-offset-key=\"579i6-0-0\">\n<div class=\"_1mf _1mj\" data-offset-key=\"579i6-0-0\"><span data-offset-key=\"579i6-0-0\">Jovenel Moise, ha sido asesinado en un ataque perpetrado este mi\u00e9rcoles de madrugada contra su residencia privada y en el que tambi\u00e9n ha resultado herida de bala la primera dama, seg\u00fan ha informado el primer ministro interino, Claude Joseph, en un comunicado.<\/span><\/div>\n<\/div>\n<div class=\"\" data-block=\"true\" data-editor=\"dsqsb\" data-offset-key=\"aud4c-0-0\">\n<div class=\"_1mf _1mj\" data-offset-key=\"aud4c-0-0\"><span data-offset-key=\"aud4c-0-0\">\u00a0<\/span><\/div>\n<\/div>\n<div class=\"\" data-block=\"true\" data-editor=\"dsqsb\" data-offset-key=\"2nu2n-0-0\">\n<div class=\"_1mf _1mj\" data-offset-key=\"2nu2n-0-0\"><span data-offset-key=\"2nu2n-0-0\">El ataque se produjo entre las 01h00 am, cuando un grupo de personas extranjeras no identificados, algunos que hablaban en espa\u00f1ol, asaltaron la vivienda, seg\u00fan el comunicado recogido por medios locales como Gazette Hait\u00ed.<\/span><\/div>\n<div data-offset-key=\"2nu2n-0-0\">.<\/div>\n<\/div>\n<div data-offset-key=\"chrmd-0-0\"><\/div>\n<div data-offset-key=\"chrmd-0-0\">\n<div style=\"width: 288px;\" class=\"wp-video\"><!--[if lt IE 9]><script>document.createElement('video');<\/script><![endif]-->\n<video class=\"wp-video-shortcode\" id=\"video-4626-1\" width=\"288\" height=\"640\" preload=\"metadata\" controls=\"controls\"><source type=\"video\/mp4\" src=\"http:\/\/www.lodelmomentoloja.com\/wp-content\/uploads\/2021\/07\/yA9zJhXBScQqqIBz.mp4?_=1\" \/><a href=\"http:\/\/www.lodelmomentoloja.com\/wp-content\/uploads\/2021\/07\/yA9zJhXBScQqqIBz.mp4\">http:\/\/www.lodelmomentoloja.com\/wp-content\/uploads\/2021\/07\/yA9zJhXBScQqqIBz.mp4<\/a><\/video><\/div>\n<\/div>\n<div data-offset-key=\"chrmd-0-0\">\n<p>.<\/p>\n<p>Joseph ha condenado este acto \u00abodioso, inhumano y b\u00e1rbaro\u00bb y ha llamado a la poblaci\u00f3n \u00aba la calma\u00bb. \u00abLa situaci\u00f3n de seguridad del pa\u00eds est\u00e1 <strong>bajo control de la Polic\u00eda Nacional y de las Fuerzas Armadas<\/strong>\u00bb, ha dicho el primer ministro interino, que conf\u00eda en que \u00abla democracia y la Rep\u00fablica vencer\u00e1n\u00bb esta escalada de tensiones.<\/p>\n<p>El asesinato de Moise\u00a0<strong>lleva al l\u00edmite la grave crisis de seguridad\u00a0<\/strong>que atraviesa Hait\u00ed y que amenaza con provocar un vac\u00edo de poder, habida cuenta de que\u00a0<a href=\"https:\/\/www.abc.es\/internacional\/abci-presidente-haiti-lleva-mas-gobierno-decreto-amparado-pandemia-202107060152_noticia.html\" data-voc-vtm-id=\"in-text-traffic\">el presidente ya llevaba m\u00e1s de un a\u00f1o gobernando por decreto<\/a>\u00a0por la ausencia de un Parlamento electo. Moise hab\u00eda dibujado un calendario electoral que ha ido variando sobre la marcha, a medida que ha empeorado la situaci\u00f3n del pa\u00eds m\u00e1s pobre del hemisferio occidental. Inicialmente, se hab\u00eda convocado en abril\u00a0<strong>un refer\u00e9ndum para reformar la Constituci\u00f3n<\/strong>, pero la incertidumbre deriv\u00f3 en un primer aplazamiento a junio y, despu\u00e9s, hasta el 26 de septiembre, coincidiendo con la primera vuelta de los comicios legislativos y presidenciales.<\/p>\n<\/div>\n<p>#LDMnoticias #lodelmomentolojaLDM<\/p>\n","protected":false},"excerpt":{"rendered":"<p>Jovenel Moise, ha sido asesinado en un ataque perpetrado este mi\u00e9rcoles de madrugada contra su&#8230;<\/p>\n","protected":false},"author":1,"featured_media":4627,"comment_status":"open","ping_status":"open","sticky":false,"template":"","format":"standard","meta":{"footnotes":""},"categories":[4],"tags":[],"class_list":["post-4626","post","type-post","status-publish","format-standard","has-post-thumbnail","hentry","category-internacional"],"_links":{"self":[{"href":"https:\/\/www.lodelmomentoloja.com\/index.php?rest_route=\/wp\/v2\/posts\/4626"}],"collection":[{"href":"https:\/\/www.lodelmomentoloja.com\/index.php?rest_route=\/wp\/v2\/posts"}],"about":[{"href":"https:\/\/www.lodelmomentoloja.com\/index.php?rest_route=\/wp\/v2\/types\/post"}],"author":[{"embeddable":true,"href":"https:\/\/www.lodelmomentoloja.com\/index.php?rest_route=\/wp\/v2\/users\/1"}],"replies":[{"embeddable":true,"href":"https:\/\/www.lodelmomentoloja.com\/index.php?rest_route=%2Fwp%2Fv2%2Fcomments&post=4626"}],"version-history":[{"count":4,"href":"https:\/\/www.lodelmomentoloja.com\/index.php?rest_route=\/wp\/v2\/posts\/4626\/revisions"}],"predecessor-version":[{"id":4629,"href":"https:\/\/www.lodelmomentoloja.com\/index.php?rest_route=\/wp\/v2\/posts\/4626\/revisions\/4629"}],"wp:featuredmedia":[{"embeddable":true,"href":"https:\/\/www.lodelmomentoloja.com\/index.php?rest_route=\/wp\/v2\/media\/4627"}],"wp:attachment":[{"href":"https:\/\/www.lodelmomentoloja.com\/index.php?rest_route=%2Fwp%2Fv2%2Fmedia&parent=4626"}],"wp:term":[{"taxonomy":"category","embeddable":true,"href":"https:\/\/www.lodelmomentoloja.com\/index.php?rest_route=%2Fwp%2Fv2%2Fcategories&post=4626"},{"taxonomy":"post_tag","embeddable":true,"href":"https:\/\/www.lodelmomentoloja.com\/index.php?rest_route=%2Fwp%2Fv2%2Ftags&post=4626"}],"curies":[{"name":"wp","href":"https:\/\/api.w.org\/{rel}","templated":true}]}}