{"id":4623,"date":"2021-07-06T22:57:23","date_gmt":"2021-07-06T22:57:23","guid":{"rendered":"http:\/\/www.lodelmomentoloja.com\/?p=4623"},"modified":"2021-07-07T03:58:01","modified_gmt":"2021-07-07T03:58:01","slug":"feria-del-credito-en-el-sur-del-pais","status":"publish","type":"post","link":"https:\/\/www.lodelmomentoloja.com\/?p=4623","title":{"rendered":"Feria del Cr\u00e9dito en el Sur del pa\u00eds."},"content":{"rendered":"<div class=\"kvgmc6g5 cxmmr5t8 oygrvhab hcukyx3x c1et5uql ii04i59q\">\n<div dir=\"auto\"><a class=\"oajrlxb2 g5ia77u1 qu0x051f esr5mh6w e9989ue4 r7d6kgcz rq0escxv nhd2j8a9 nc684nl6 p7hjln8o kvgmc6g5 cxmmr5t8 oygrvhab hcukyx3x jb3vyjys rz4wbd8a qt6c0cv9 a8nywdso i1ao9s8h esuyzwwr f1sip0of lzcic4wl q66pz984 gpro0wi8 b1v8xokw\" tabindex=\"0\" role=\"link\" href=\"https:\/\/www.facebook.com\/hashtag\/loja?__eep__=6&amp;__cft__[0]=AZW3zkV1t90alR_XIf0dmjHWIw_um1hbYdZN8rkn9-Kfr6zUMue21Pc5VEXpWy5q5U2Q5uTY91PgBPfu_ZH5qEO8Rz0hnr3lK_ZPIJS32SSEVrasO5Yc4DJehlDRLkSVO6kdTxC6dLtTe97G04qd-84C24tvMTfiLNJCcuxiSagFb8w1qvJaANL_xygcK3ht5x0&amp;__tn__=*NK-R\">#Loja<\/a> | Feria del Cr\u00e9dito en el Sur del pa\u00eds.<\/div>\n<div dir=\"auto\"><\/div>\n<\/div>\n<div class=\"o9v6fnle cxmmr5t8 oygrvhab hcukyx3x c1et5uql ii04i59q\">\n<div dir=\"auto\">En Loja, el pr\u00f3ximo 09 y 10 de julio se desarrollar\u00e1 la \u00a8Feria del Cr\u00e9dito\u00a8 dirigida para el p\u00fablico en general que desea tener acceso a un financiamiento para la compra de un veh\u00edculo 0km.<\/div>\n<div dir=\"auto\"><\/div>\n<\/div>\n<div class=\"o9v6fnle cxmmr5t8 oygrvhab hcukyx3x c1et5uql ii04i59q\">\n<div dir=\"auto\">El evento se desarrollar\u00e1 con la participaci\u00f3n de alrededor 12 entidades financieras entre bancos y cooperativas. Se contar\u00e1 con la presencia 8 marcas del sector automotriz entre las que se encuentran Hyundai, Great Wall, Haval, Volkswagen Amarok, Shineray, Soueast, DFSK entre otras.<\/div>\n<div dir=\"auto\"><\/div>\n<\/div>\n<div class=\"o9v6fnle cxmmr5t8 oygrvhab hcukyx3x c1et5uql ii04i59q\">\n<div dir=\"auto\">El horario de atenci\u00f3n ser\u00e1 el d\u00eda viernes 09 de julio de 09:30 a 18:30 y el s\u00e1bado 10 de julio de 10:30 a 16:00, el evento tendr\u00e1 lugar en Av. 8 de Diciembre, frente al Terminal Terrestre (Edificio de Hyundai).<\/div>\n<div dir=\"auto\"><\/div>\n<\/div>\n<div class=\"o9v6fnle cxmmr5t8 oygrvhab hcukyx3x c1et5uql ii04i59q\">\n<div dir=\"auto\"><a class=\"oajrlxb2 g5ia77u1 qu0x051f esr5mh6w e9989ue4 r7d6kgcz rq0escxv nhd2j8a9 nc684nl6 p7hjln8o kvgmc6g5 cxmmr5t8 oygrvhab hcukyx3x jb3vyjys rz4wbd8a qt6c0cv9 a8nywdso i1ao9s8h esuyzwwr f1sip0of lzcic4wl py34i1dx gpro0wi8\" tabindex=\"0\" role=\"link\" href=\"https:\/\/l.facebook.com\/l.php?u=http%3A%2F%2Fwww.lodelmomentoloja.com%2F%3Ffbclid%3DIwAR2SQGKNg0jmSivzRHgpjSCY2rKciBklBvtXApsiVMcBoNrExrfJRpsmDzE&amp;h=AT3H5NMaVKfXg3wpkHbjGE0C4K5BIIODMfKDVSf3MgWj5mg7oDgdk8D0yP3jk7LxrkWNyS60plmcFqldsf5s5m3fVohsZyFKi06G7fZ0GoA0udrHXmA6o8shUKzmhKO6&amp;__tn__=-UK-R&amp;c[0]=AT3fcqB60jFOlvo2QjTkqGUhadSSsLADJv5_PXfW5lW5_lmR5evcaaLfr2gnLw4gKElBbUaQ00EnjlFdzHE4m5e9kfZBLIeOZMtvAYTIsa-rzxvdR3fv_Z0_nMHJqJqjOnGUMxCBXHMG0dkyKmsul_n8ZDtbcqwS27plKrMfO1E26ebqwAl6JCRqnLKIQuxLdjAla8DH\" target=\"_blank\" rel=\"nofollow noopener\">www.lodelmomentoloja.com<\/a><\/div>\n<div dir=\"auto\"><a class=\"oajrlxb2 g5ia77u1 qu0x051f esr5mh6w e9989ue4 r7d6kgcz rq0escxv nhd2j8a9 nc684nl6 p7hjln8o kvgmc6g5 cxmmr5t8 oygrvhab hcukyx3x jb3vyjys rz4wbd8a qt6c0cv9 a8nywdso i1ao9s8h esuyzwwr f1sip0of lzcic4wl q66pz984 gpro0wi8 b1v8xokw\" tabindex=\"0\" role=\"link\" href=\"https:\/\/www.facebook.com\/hashtag\/ldmnoticias?__eep__=6&amp;__cft__[0]=AZW3zkV1t90alR_XIf0dmjHWIw_um1hbYdZN8rkn9-Kfr6zUMue21Pc5VEXpWy5q5U2Q5uTY91PgBPfu_ZH5qEO8Rz0hnr3lK_ZPIJS32SSEVrasO5Yc4DJehlDRLkSVO6kdTxC6dLtTe97G04qd-84C24tvMTfiLNJCcuxiSagFb8w1qvJaANL_xygcK3ht5x0&amp;__tn__=*NK-R\">#LDMnoticias<\/a> <a class=\"oajrlxb2 g5ia77u1 qu0x051f esr5mh6w e9989ue4 r7d6kgcz rq0escxv nhd2j8a9 nc684nl6 p7hjln8o kvgmc6g5 cxmmr5t8 oygrvhab hcukyx3x jb3vyjys rz4wbd8a qt6c0cv9 a8nywdso i1ao9s8h esuyzwwr f1sip0of lzcic4wl q66pz984 gpro0wi8 b1v8xokw\" tabindex=\"0\" role=\"link\" href=\"https:\/\/www.facebook.com\/hashtag\/lodelmomentolojaldm?__eep__=6&amp;__cft__[0]=AZW3zkV1t90alR_XIf0dmjHWIw_um1hbYdZN8rkn9-Kfr6zUMue21Pc5VEXpWy5q5U2Q5uTY91PgBPfu_ZH5qEO8Rz0hnr3lK_ZPIJS32SSEVrasO5Yc4DJehlDRLkSVO6kdTxC6dLtTe97G04qd-84C24tvMTfiLNJCcuxiSagFb8w1qvJaANL_xygcK3ht5x0&amp;__tn__=*NK-R\">#lodelmomentolojaLDM<\/a><\/div>\n<\/div>\n","protected":false},"excerpt":{"rendered":"<p>#Loja | Feria del Cr\u00e9dito en el Sur del pa\u00eds. En Loja, el pr\u00f3ximo 09&#8230;<\/p>\n","protected":false},"author":1,"featured_media":4624,"comment_status":"open","ping_status":"open","sticky":false,"template":"","format":"standard","meta":{"footnotes":""},"categories":[1],"tags":[],"class_list":["post-4623","post","type-post","status-publish","format-standard","has-post-thumbnail","hentry","category-inicio"],"_links":{"self":[{"href":"https:\/\/www.lodelmomentoloja.com\/index.php?rest_route=\/wp\/v2\/posts\/4623"}],"collection":[{"href":"https:\/\/www.lodelmomentoloja.com\/index.php?rest_route=\/wp\/v2\/posts"}],"about":[{"href":"https:\/\/www.lodelmomentoloja.com\/index.php?rest_route=\/wp\/v2\/types\/post"}],"author":[{"embeddable":true,"href":"https:\/\/www.lodelmomentoloja.com\/index.php?rest_route=\/wp\/v2\/users\/1"}],"replies":[{"embeddable":true,"href":"https:\/\/www.lodelmomentoloja.com\/index.php?rest_route=%2Fwp%2Fv2%2Fcomments&post=4623"}],"version-history":[{"count":1,"href":"https:\/\/www.lodelmomentoloja.com\/index.php?rest_route=\/wp\/v2\/posts\/4623\/revisions"}],"predecessor-version":[{"id":4625,"href":"https:\/\/www.lodelmomentoloja.com\/index.php?rest_route=\/wp\/v2\/posts\/4623\/revisions\/4625"}],"wp:featuredmedia":[{"embeddable":true,"href":"https:\/\/www.lodelmomentoloja.com\/index.php?rest_route=\/wp\/v2\/media\/4624"}],"wp:attachment":[{"href":"https:\/\/www.lodelmomentoloja.com\/index.php?rest_route=%2Fwp%2Fv2%2Fmedia&parent=4623"}],"wp:term":[{"taxonomy":"category","embeddable":true,"href":"https:\/\/www.lodelmomentoloja.com\/index.php?rest_route=%2Fwp%2Fv2%2Fcategories&post=4623"},{"taxonomy":"post_tag","embeddable":true,"href":"https:\/\/www.lodelmomentoloja.com\/index.php?rest_route=%2Fwp%2Fv2%2Ftags&post=4623"}],"curies":[{"name":"wp","href":"https:\/\/api.w.org\/{rel}","templated":true}]}}