{"id":4607,"date":"2021-07-05T17:08:02","date_gmt":"2021-07-05T17:08:02","guid":{"rendered":"http:\/\/www.lodelmomentoloja.com\/?p=4607"},"modified":"2021-07-05T23:11:29","modified_gmt":"2021-07-05T23:11:29","slug":"viteri-no-participaria-del-bloqueo-de-pista-en-aeropuerto","status":"publish","type":"post","link":"https:\/\/www.lodelmomentoloja.com\/?p=4607","title":{"rendered":"Viteri &#8216;no participar\u00eda del bloqueo de pista en aeropuerto&#8217;"},"content":{"rendered":"<p>#Ecuador | \u00bfFiscal\u00eda defiende a Viteri?.<\/p>\n<p>Tras la investigaci\u00f3n sobre el bloqueo de la pista del aeropuerto internacional Jos\u00e9 Joaqu\u00edn de Olmedo de Guayaquil, en marzo del 2020, la Fiscal\u00eda del Guayas \u201cconcluy\u00f3 que la alcaldesa Cynthia Viteri no tuvo participaci\u00f3n en el hecho\u201d. Esta decisi\u00f3n fue confirmada por la Fiscal\u00eda este 5 de julio del 2021.<\/p>\n<p>En un documento oficial, la Fiscal\u00eda concluye \u201cque no se logra establecer que quien haya dado la orden del traslado de los veh\u00edculos\u201d fuera la alcaldesa, que en ese momento se encontraba aislada por estar contagiada de covid-19.<\/p>\n<p>Tras la informaci\u00f3n difundida por la FGE, la ciudadan\u00eda se encuentra a la deriva puesto que la Alcaldesa asumi\u00f3 su participaci\u00f3n en el bloqueo, el mismo d\u00eda que este ocurri\u00f3.<\/p>\n<p>\u201cAsumo la responsabilidad de haber mandado los veh\u00edculos del Municipio de Guayaquil a impedir que el avi\u00f3n de Iberia aterrice aqu\u00ed con 11 pasajeros de Madrid\u201d, se\u00f1al\u00f3 en un video difundido por el Cabildo.<\/p>\n<p>www.lodelmomentoloja.com<br \/>\n#LDMnoticias #lodelmomentolojaLDM<\/p>\n","protected":false},"excerpt":{"rendered":"<p>#Ecuador | \u00bfFiscal\u00eda defiende a Viteri?. Tras la investigaci\u00f3n sobre el bloqueo de la pista&#8230;<\/p>\n","protected":false},"author":1,"featured_media":4608,"comment_status":"open","ping_status":"open","sticky":false,"template":"","format":"standard","meta":{"footnotes":""},"categories":[1],"tags":[],"class_list":["post-4607","post","type-post","status-publish","format-standard","has-post-thumbnail","hentry","category-inicio"],"_links":{"self":[{"href":"https:\/\/www.lodelmomentoloja.com\/index.php?rest_route=\/wp\/v2\/posts\/4607"}],"collection":[{"href":"https:\/\/www.lodelmomentoloja.com\/index.php?rest_route=\/wp\/v2\/posts"}],"about":[{"href":"https:\/\/www.lodelmomentoloja.com\/index.php?rest_route=\/wp\/v2\/types\/post"}],"author":[{"embeddable":true,"href":"https:\/\/www.lodelmomentoloja.com\/index.php?rest_route=\/wp\/v2\/users\/1"}],"replies":[{"embeddable":true,"href":"https:\/\/www.lodelmomentoloja.com\/index.php?rest_route=%2Fwp%2Fv2%2Fcomments&post=4607"}],"version-history":[{"count":1,"href":"https:\/\/www.lodelmomentoloja.com\/index.php?rest_route=\/wp\/v2\/posts\/4607\/revisions"}],"predecessor-version":[{"id":4609,"href":"https:\/\/www.lodelmomentoloja.com\/index.php?rest_route=\/wp\/v2\/posts\/4607\/revisions\/4609"}],"wp:featuredmedia":[{"embeddable":true,"href":"https:\/\/www.lodelmomentoloja.com\/index.php?rest_route=\/wp\/v2\/media\/4608"}],"wp:attachment":[{"href":"https:\/\/www.lodelmomentoloja.com\/index.php?rest_route=%2Fwp%2Fv2%2Fmedia&parent=4607"}],"wp:term":[{"taxonomy":"category","embeddable":true,"href":"https:\/\/www.lodelmomentoloja.com\/index.php?rest_route=%2Fwp%2Fv2%2Fcategories&post=4607"},{"taxonomy":"post_tag","embeddable":true,"href":"https:\/\/www.lodelmomentoloja.com\/index.php?rest_route=%2Fwp%2Fv2%2Ftags&post=4607"}],"curies":[{"name":"wp","href":"https:\/\/api.w.org\/{rel}","templated":true}]}}