{"id":4604,"date":"2021-07-05T18:07:04","date_gmt":"2021-07-05T18:07:04","guid":{"rendered":"http:\/\/www.lodelmomentoloja.com\/?p=4604"},"modified":"2021-07-05T23:07:57","modified_gmt":"2021-07-05T23:07:57","slug":"celi-renuncia-a-la-contraloria","status":"publish","type":"post","link":"https:\/\/www.lodelmomentoloja.com\/?p=4604","title":{"rendered":"Celi renuncia a la Contralor\u00eda"},"content":{"rendered":"<p>#Ecuador | Pablo Celi renunci\u00f3 a la Contralor\u00eda del Estado para \u2018salvaguardar\u2019 la instituci\u00f3n.<\/p>\n<p>Pablo Celi de la Torre renunci\u00f3 a sus funciones como contralor subrogante de la Contralor\u00eda General del Estado, este 5 de julio. El documento fue ingresado al Consejo de Participaci\u00f3n Ciudadana y Control Social (CPCCS) la tarde de este lunes, y su abogado Marcelo Ron lo confirm\u00f3.<\/p>\n<p>\u201cPablo Celi renunci\u00f3 pensando en el pa\u00eds, en la institucionalidad, para que no se declare en acefal\u00eda la instituci\u00f3n\u201d, explic\u00f3.<\/p>\n<p>El documento de la renuncia de Celi expresa que su decisi\u00f3n es de \u201cforma irrevocable\u201d y que la toma para \u201csalvaguardar los procesos institucionales de la Contralor\u00eda, ante condiciones que exceden mi capacidad de actuaci\u00f3n, impuestas desde fuerzas interesadas en tomar el control de esta instituci\u00f3n, que han buscado con mi arbitraria e injusta detenci\u00f3n paralizar el organismo de control, bloqueando sus procesos, afectando a su institucionalidad y empujando al organismo a una situaci\u00f3n de inestabilidad cr\u00edtica\u201d.<\/p>\n<p>Cabe recalcar que Celi asumi\u00f3 como contralor subrogante en junio del 2017, luego de que su predecesor, Carlos P\u00f3lit, renunci\u00f3 antes de ser censurado y destituido por la Asamblea Nacional por estar vinculado al caso Odebrecht.<\/p>\n<p>www.lodelmomentoloja.com<br \/>\n#LDMnoticias #lodelmomentolojaLDM<\/p>\n","protected":false},"excerpt":{"rendered":"<p>#Ecuador | Pablo Celi renunci\u00f3 a la Contralor\u00eda del Estado para \u2018salvaguardar\u2019 la instituci\u00f3n. Pablo&#8230;<\/p>\n","protected":false},"author":1,"featured_media":4605,"comment_status":"open","ping_status":"open","sticky":false,"template":"","format":"standard","meta":{"footnotes":""},"categories":[1],"tags":[],"class_list":["post-4604","post","type-post","status-publish","format-standard","has-post-thumbnail","hentry","category-inicio"],"_links":{"self":[{"href":"https:\/\/www.lodelmomentoloja.com\/index.php?rest_route=\/wp\/v2\/posts\/4604"}],"collection":[{"href":"https:\/\/www.lodelmomentoloja.com\/index.php?rest_route=\/wp\/v2\/posts"}],"about":[{"href":"https:\/\/www.lodelmomentoloja.com\/index.php?rest_route=\/wp\/v2\/types\/post"}],"author":[{"embeddable":true,"href":"https:\/\/www.lodelmomentoloja.com\/index.php?rest_route=\/wp\/v2\/users\/1"}],"replies":[{"embeddable":true,"href":"https:\/\/www.lodelmomentoloja.com\/index.php?rest_route=%2Fwp%2Fv2%2Fcomments&post=4604"}],"version-history":[{"count":1,"href":"https:\/\/www.lodelmomentoloja.com\/index.php?rest_route=\/wp\/v2\/posts\/4604\/revisions"}],"predecessor-version":[{"id":4606,"href":"https:\/\/www.lodelmomentoloja.com\/index.php?rest_route=\/wp\/v2\/posts\/4604\/revisions\/4606"}],"wp:featuredmedia":[{"embeddable":true,"href":"https:\/\/www.lodelmomentoloja.com\/index.php?rest_route=\/wp\/v2\/media\/4605"}],"wp:attachment":[{"href":"https:\/\/www.lodelmomentoloja.com\/index.php?rest_route=%2Fwp%2Fv2%2Fmedia&parent=4604"}],"wp:term":[{"taxonomy":"category","embeddable":true,"href":"https:\/\/www.lodelmomentoloja.com\/index.php?rest_route=%2Fwp%2Fv2%2Fcategories&post=4604"},{"taxonomy":"post_tag","embeddable":true,"href":"https:\/\/www.lodelmomentoloja.com\/index.php?rest_route=%2Fwp%2Fv2%2Ftags&post=4604"}],"curies":[{"name":"wp","href":"https:\/\/api.w.org\/{rel}","templated":true}]}}