{"id":4601,"date":"2021-07-05T13:05:34","date_gmt":"2021-07-05T13:05:34","guid":{"rendered":"http:\/\/www.lodelmomentoloja.com\/?p=4601"},"modified":"2021-07-05T18:06:28","modified_gmt":"2021-07-05T18:06:28","slug":"iza-tomara-acciones-legales-contra-la-posta","status":"publish","type":"post","link":"https:\/\/www.lodelmomentoloja.com\/?p=4601","title":{"rendered":"Iza tomar\u00e1 acciones legales contra &#8216;La Posta&#8217;"},"content":{"rendered":"<p>#Ecuador | Iza tomar\u00e1 acciones legales contra La Posta.<\/p>\n<p>El nuevo presidente electo de la Confederaci\u00f3n de Nacionalidades Ind\u00edgenas del Ecuador (Conaie), Leonidas Iza, asegur\u00f3 que no responder\u00e1 a las acusaciones y ep\u00edtetos que se utilizaron la noche del 04 de julio en el programa La Posta XXX, el cual se transmite por TC Televisi\u00f3n, uno de los canales incautados, pero que iniciar\u00e1 un proceso legal por odio y discriminaci\u00f3n.<\/p>\n<p>\u201cNosotros vamos a tener que recurrir finalmente a un proceso legal, no puede ser que se llame como medios de comunicaci\u00f3n y se instale el odio\u201d &#8211; coment\u00f3 Iza en una entrevista en Radio La Calle.<\/p>\n<p>Iza dio estas declaraciones, luego de que en el estreno de La Posta XXX se proyectara un segmento en el que se hizo una descripci\u00f3n de Iza, con un acr\u00f3stico. Mientras en un tablero con una fotograf\u00eda de Iza se iba colocando dardos cerca de su rostro.<\/p>\n<p>El caso gener\u00f3 varias reacciones en las diferentes redes sociales, llegando a ser tendencia nacional en la plataforma Twitter.<\/p>\n<p>www.lodelmomentoloja.com<br \/>\n#LDMnoticias #lodelmomentolojaLDM<\/p>\n","protected":false},"excerpt":{"rendered":"<p>#Ecuador | Iza tomar\u00e1 acciones legales contra La Posta. El nuevo presidente electo de la&#8230;<\/p>\n","protected":false},"author":1,"featured_media":4602,"comment_status":"open","ping_status":"open","sticky":false,"template":"","format":"standard","meta":{"footnotes":""},"categories":[1],"tags":[],"class_list":["post-4601","post","type-post","status-publish","format-standard","has-post-thumbnail","hentry","category-inicio"],"_links":{"self":[{"href":"https:\/\/www.lodelmomentoloja.com\/index.php?rest_route=\/wp\/v2\/posts\/4601"}],"collection":[{"href":"https:\/\/www.lodelmomentoloja.com\/index.php?rest_route=\/wp\/v2\/posts"}],"about":[{"href":"https:\/\/www.lodelmomentoloja.com\/index.php?rest_route=\/wp\/v2\/types\/post"}],"author":[{"embeddable":true,"href":"https:\/\/www.lodelmomentoloja.com\/index.php?rest_route=\/wp\/v2\/users\/1"}],"replies":[{"embeddable":true,"href":"https:\/\/www.lodelmomentoloja.com\/index.php?rest_route=%2Fwp%2Fv2%2Fcomments&post=4601"}],"version-history":[{"count":1,"href":"https:\/\/www.lodelmomentoloja.com\/index.php?rest_route=\/wp\/v2\/posts\/4601\/revisions"}],"predecessor-version":[{"id":4603,"href":"https:\/\/www.lodelmomentoloja.com\/index.php?rest_route=\/wp\/v2\/posts\/4601\/revisions\/4603"}],"wp:featuredmedia":[{"embeddable":true,"href":"https:\/\/www.lodelmomentoloja.com\/index.php?rest_route=\/wp\/v2\/media\/4602"}],"wp:attachment":[{"href":"https:\/\/www.lodelmomentoloja.com\/index.php?rest_route=%2Fwp%2Fv2%2Fmedia&parent=4601"}],"wp:term":[{"taxonomy":"category","embeddable":true,"href":"https:\/\/www.lodelmomentoloja.com\/index.php?rest_route=%2Fwp%2Fv2%2Fcategories&post=4601"},{"taxonomy":"post_tag","embeddable":true,"href":"https:\/\/www.lodelmomentoloja.com\/index.php?rest_route=%2Fwp%2Fv2%2Ftags&post=4601"}],"curies":[{"name":"wp","href":"https:\/\/api.w.org\/{rel}","templated":true}]}}