{"id":4582,"date":"2021-07-01T10:00:50","date_gmt":"2021-07-01T10:00:50","guid":{"rendered":"http:\/\/www.lodelmomentoloja.com\/?p=4582"},"modified":"2021-07-01T15:19:49","modified_gmt":"2021-07-01T15:19:49","slug":"exigen-sancion-para-pierina-correa","status":"publish","type":"post","link":"https:\/\/www.lodelmomentoloja.com\/?p=4582","title":{"rendered":"Exigen sanci\u00f3n para Pierina Correa."},"content":{"rendered":"<p>#Ecuador | La Alianza por la Ni\u00f1ez y Adolescencia de Ecuador prepar\u00f3 una carta, que ser\u00e1 remitida al Comit\u00e9 de \u00c9tica de la <strong>Asamblea<\/strong>\u00a0<strong>Nacional<\/strong>.<\/p>\n<p>A trav\u00e9s de ella se exige la evaluaci\u00f3n y sanci\u00f3n al comportamiento de las asamble\u00edstas Pierina Correa y Geraldine Weber, de UNES y PSC. Ambas participaron en un acto organizado el lunes 28 de junio del 2021 por\u00a0<strong>grupos antiderechos<\/strong>, en Guayaquil.<\/p>\n<p>El encuentro se dio el mismo d\u00eda en que la\u00a0<strong>Defensor\u00eda del Pueblo<\/strong>\u00a0present\u00f3 a la\u00a0<strong>Asamblea Nacional\u00a0<\/strong>el proyecto de ley para garantizar el derecho a la interrupci\u00f3n voluntaria del embarazo para<strong>\u00a0v\u00edctimas de violaci\u00f3n<\/strong>, como lo dispuso la\u00a0<strong>Corte Constitucional\u00a0<\/strong>en su sentencia para despenalizar el aborto en este caso.<\/p>\n<p>Ese d\u00eda, en el evento al que asistieron ambas asamble\u00edstas, la legisladora Correa firm\u00f3 un documento, impulsado por organizaciones que se autodenominan provida.\u00a0<strong>En el acto se involucr\u00f3 a una ni\u00f1a v\u00edctima de abuso sexual junto a su beb\u00e9.\u00a0<\/strong><\/p>\n<p>Por ello, la Alianza por la Ni\u00f1ez y Adolescencia record\u00f3 que ese hecho constituye una vulneraci\u00f3n a los derechos al honor, a la intimidad personal, familiar y a la imagen de esta ni\u00f1a madre y su hijo, \u201cquienes fueron fotografiados y video grabados en este evento\u201d, dice la carta que se enviar\u00e1 al\u00a0<strong>Legislativo<\/strong>.<\/p>\n<p>El C\u00f3digo de la Ni\u00f1ez y la Adolescencia, en su art\u00edculo 52, proh\u00edbe la publicaci\u00f3n y exhibici\u00f3n de im\u00e1genes, grabaciones o referencias escritas que permitan la identificaci\u00f3n o individualizaci\u00f3n de una ni\u00f1a, ni\u00f1o o adolescente que ha sido v\u00edctima de<strong>\u00a0maltrato, abuso sexual o infracci\u00f3n penal,<\/strong>\u00a0y cualquier referencia al entorno en el que se desarrollan.<\/p>\n<p>La Alianza adem\u00e1s manifiesta en su misiva que existe un agravante, dado que\u00a0<strong>Pierina Correa\u00a0<\/strong>es la presidenta de la Comisi\u00f3n de Protecci\u00f3n Integral a Ni\u00f1as, Ni\u00f1os y Adolescentes de la Asamblea, por lo que \u201ces su obligaci\u00f3n conocer sus derechos y velar porque estos no les sean vulnerados\u201d.<\/p>\n<p>Por ello, adem\u00e1s de la sanci\u00f3n frente a la revictimizaci\u00f3n cometida sobre ambos ni\u00f1os v\u00edctimas de violencia, la organizaci\u00f3n por los\u00a0<strong>derechos de los ni\u00f1os\u00a0<\/strong>pide a los miembros de la comisi\u00f3n permanente que lidera Correa que retiren su respaldo a la asamble\u00edsta y que se escoja a otro representante \u201cque legisle con conocimiento y neutralidad, no desde preconcepciones de \u00edndole dist\u00f3picas y\u00a0menos a partir de afinidades espirituales o religiosas\u201d.<\/p>\n<p>La representante de la Alianza por la Ni\u00f1ez,\u00a0<strong>Sybel Mart\u00ednez<\/strong>, dijo que entre el 29 y 30 de junio la carta ya cuenta con m\u00e1s de 100 firmas y que contin\u00faan recolect\u00e1ndolas.\u00a0El Comit\u00e9 de \u00e9tica, se\u00f1al\u00f3, requiere de la denuncia de un asamble\u00edsta y de otros 14 que lo apoyen. \u201cEsperamos que sean consecuentes\u201d.<\/p>\n<p>V\u00eda: El Comercio<\/p>\n<p>#LDMnoticias #LodelmomentolojaLDM<\/p>\n","protected":false},"excerpt":{"rendered":"<p>#Ecuador | La Alianza por la Ni\u00f1ez y Adolescencia de Ecuador prepar\u00f3 una carta, que&#8230;<\/p>\n","protected":false},"author":1,"featured_media":4581,"comment_status":"open","ping_status":"open","sticky":false,"template":"","format":"standard","meta":{"footnotes":""},"categories":[1],"tags":[],"class_list":["post-4582","post","type-post","status-publish","format-standard","has-post-thumbnail","hentry","category-inicio"],"_links":{"self":[{"href":"https:\/\/www.lodelmomentoloja.com\/index.php?rest_route=\/wp\/v2\/posts\/4582"}],"collection":[{"href":"https:\/\/www.lodelmomentoloja.com\/index.php?rest_route=\/wp\/v2\/posts"}],"about":[{"href":"https:\/\/www.lodelmomentoloja.com\/index.php?rest_route=\/wp\/v2\/types\/post"}],"author":[{"embeddable":true,"href":"https:\/\/www.lodelmomentoloja.com\/index.php?rest_route=\/wp\/v2\/users\/1"}],"replies":[{"embeddable":true,"href":"https:\/\/www.lodelmomentoloja.com\/index.php?rest_route=%2Fwp%2Fv2%2Fcomments&post=4582"}],"version-history":[{"count":1,"href":"https:\/\/www.lodelmomentoloja.com\/index.php?rest_route=\/wp\/v2\/posts\/4582\/revisions"}],"predecessor-version":[{"id":4583,"href":"https:\/\/www.lodelmomentoloja.com\/index.php?rest_route=\/wp\/v2\/posts\/4582\/revisions\/4583"}],"wp:featuredmedia":[{"embeddable":true,"href":"https:\/\/www.lodelmomentoloja.com\/index.php?rest_route=\/wp\/v2\/media\/4581"}],"wp:attachment":[{"href":"https:\/\/www.lodelmomentoloja.com\/index.php?rest_route=%2Fwp%2Fv2%2Fmedia&parent=4582"}],"wp:term":[{"taxonomy":"category","embeddable":true,"href":"https:\/\/www.lodelmomentoloja.com\/index.php?rest_route=%2Fwp%2Fv2%2Fcategories&post=4582"},{"taxonomy":"post_tag","embeddable":true,"href":"https:\/\/www.lodelmomentoloja.com\/index.php?rest_route=%2Fwp%2Fv2%2Ftags&post=4582"}],"curies":[{"name":"wp","href":"https:\/\/api.w.org\/{rel}","templated":true}]}}