{"id":4567,"date":"2021-06-30T10:00:58","date_gmt":"2021-06-30T10:00:58","guid":{"rendered":"http:\/\/www.lodelmomentoloja.com\/?p=4567"},"modified":"2021-06-30T16:46:54","modified_gmt":"2021-06-30T16:46:54","slug":"juicio-contra-pablo-celi","status":"publish","type":"post","link":"https:\/\/www.lodelmomentoloja.com\/?p=4567","title":{"rendered":"Juicio contra Pablo Celi"},"content":{"rendered":"<p>#Ecuador | Fiscalizaci\u00f3n priorizar\u00e1 el juicio pol\u00edtico contra Pablo Celi.<\/p>\n<p>La Comisi\u00f3n de Fiscalizaci\u00f3n finalmente tom\u00f3 una decisi\u00f3n sobre el enredo alrededor de los juicios pol\u00edticos que tramita. Esa mesa legislativa resolvi\u00f3, este 29 de junio de 2021, priorizar el juicio pol\u00edtico en contra del contralor Pablo Celi, y pedir al Pleno el archivo del proceso contra el exministro de Energ\u00eda, Ren\u00e9 Ortiz.<\/p>\n<p>La comisi\u00f3n aprob\u00f3 avocar conocimiento del pedido de juicio pol\u00edtico planteado por Juan Crist\u00f3bal Lloret (UNES). Lo acusa de incumplimiento de funciones, por acciones previas a las de su detenci\u00f3n. Los legisladores anunciaron que sesionar\u00e1n ma\u00f1ana, 30 de junio, para comenzar el tr\u00e1mite del juicio. El primer paso ser\u00e1 la aprobaci\u00f3n del cronograma.<\/p>\n<p>Cabe recalcar que el Contralor est\u00e1 detenido en la c\u00e1rcel 4 por su presunta participaci\u00f3n en la trama de corrupci\u00f3n denominada \u2018Las Torres\u2019, que involucrar\u00eda a Petroecuador, la Contralor\u00eda y la presidencia de la Rep\u00fablica.<\/p>\n<p>www.lodelmomentoloja.com<br \/>\n#LDMnoticias #lodelmomentolojaLDM<\/p>\n","protected":false},"excerpt":{"rendered":"<p>#Ecuador | Fiscalizaci\u00f3n priorizar\u00e1 el juicio pol\u00edtico contra Pablo Celi. La Comisi\u00f3n de Fiscalizaci\u00f3n finalmente&#8230;<\/p>\n","protected":false},"author":1,"featured_media":4568,"comment_status":"open","ping_status":"open","sticky":false,"template":"","format":"standard","meta":{"footnotes":""},"categories":[1],"tags":[],"class_list":["post-4567","post","type-post","status-publish","format-standard","has-post-thumbnail","hentry","category-inicio"],"_links":{"self":[{"href":"https:\/\/www.lodelmomentoloja.com\/index.php?rest_route=\/wp\/v2\/posts\/4567"}],"collection":[{"href":"https:\/\/www.lodelmomentoloja.com\/index.php?rest_route=\/wp\/v2\/posts"}],"about":[{"href":"https:\/\/www.lodelmomentoloja.com\/index.php?rest_route=\/wp\/v2\/types\/post"}],"author":[{"embeddable":true,"href":"https:\/\/www.lodelmomentoloja.com\/index.php?rest_route=\/wp\/v2\/users\/1"}],"replies":[{"embeddable":true,"href":"https:\/\/www.lodelmomentoloja.com\/index.php?rest_route=%2Fwp%2Fv2%2Fcomments&post=4567"}],"version-history":[{"count":1,"href":"https:\/\/www.lodelmomentoloja.com\/index.php?rest_route=\/wp\/v2\/posts\/4567\/revisions"}],"predecessor-version":[{"id":4569,"href":"https:\/\/www.lodelmomentoloja.com\/index.php?rest_route=\/wp\/v2\/posts\/4567\/revisions\/4569"}],"wp:featuredmedia":[{"embeddable":true,"href":"https:\/\/www.lodelmomentoloja.com\/index.php?rest_route=\/wp\/v2\/media\/4568"}],"wp:attachment":[{"href":"https:\/\/www.lodelmomentoloja.com\/index.php?rest_route=%2Fwp%2Fv2%2Fmedia&parent=4567"}],"wp:term":[{"taxonomy":"category","embeddable":true,"href":"https:\/\/www.lodelmomentoloja.com\/index.php?rest_route=%2Fwp%2Fv2%2Fcategories&post=4567"},{"taxonomy":"post_tag","embeddable":true,"href":"https:\/\/www.lodelmomentoloja.com\/index.php?rest_route=%2Fwp%2Fv2%2Ftags&post=4567"}],"curies":[{"name":"wp","href":"https:\/\/api.w.org\/{rel}","templated":true}]}}