{"id":4548,"date":"2021-06-29T09:00:55","date_gmt":"2021-06-29T09:00:55","guid":{"rendered":"http:\/\/www.lodelmomentoloja.com\/?p=4548"},"modified":"2021-06-30T14:01:15","modified_gmt":"2021-06-30T14:01:15","slug":"amplian-vacunaciones-contra-covid-19-en-ecuador","status":"publish","type":"post","link":"https:\/\/www.lodelmomentoloja.com\/?p=4548","title":{"rendered":"Amplian vacunaciones contra COVID 19 en Ecuador"},"content":{"rendered":"<p style=\"text-align: center;\">\n<p>#Ecuador | La ministra de Salud P\u00fablica, Ximena Garz\u00f3n, anunci\u00f3 que las edades de vacunaci\u00f3n se ampliar\u00e1n desde el lunes 5 de julio del 2021.<\/p>\n<p>As\u00ed lo afirm\u00f3 este martes 29 de junio del 2021, en un conversatorio virtual realizado con medios.<\/p>\n<p>Durante esa semana se inocular\u00e1n a personas de la siguiente manera:<\/p>\n<p>El lunes 5 de julio se llegar\u00e1 a los ciudadanos de 55 a\u00f1os.<br \/>\nEl martes 6 de julio, a quienes tienen 54.<br \/>\nEl mi\u00e9rcoles 7 de julio, a quienes tienen 53.<br \/>\nEl jueves 8 de julio, a quienes tienen 52.<br \/>\nEl viernes 9 de julio, a quienes tienen 51.<br \/>\nEl s\u00e1bado 10 de julio, a quienes tienen 50.<br \/>\nEl domingo 11 de julio, a quienes tienen 49.<\/p>\n<p>El lunes 12 de julio del 2021 arrancar\u00e1 la fase tres o llamada Menor Contagio del Plan de Vacunaci\u00f3n 9\/100, presentado oficialmente desde el 31 de mayo del 2021. Lo que implica que las personas de 49 a 16 podr\u00e1n inmunizarse; adem\u00e1s de la poblaci\u00f3n en situaci\u00f3n de movilidad.<\/p>\n<p>www.lodelmomentoloja.com<br \/>\n#LDMnoticias #lodelmomentolojaLDM<\/p>\n","protected":false},"excerpt":{"rendered":"<p>#Ecuador | La ministra de Salud P\u00fablica, Ximena Garz\u00f3n, anunci\u00f3 que las edades de vacunaci\u00f3n&#8230;<\/p>\n","protected":false},"author":1,"featured_media":4550,"comment_status":"open","ping_status":"open","sticky":false,"template":"","format":"standard","meta":{"footnotes":""},"categories":[1],"tags":[],"class_list":["post-4548","post","type-post","status-publish","format-standard","has-post-thumbnail","hentry","category-inicio"],"_links":{"self":[{"href":"https:\/\/www.lodelmomentoloja.com\/index.php?rest_route=\/wp\/v2\/posts\/4548"}],"collection":[{"href":"https:\/\/www.lodelmomentoloja.com\/index.php?rest_route=\/wp\/v2\/posts"}],"about":[{"href":"https:\/\/www.lodelmomentoloja.com\/index.php?rest_route=\/wp\/v2\/types\/post"}],"author":[{"embeddable":true,"href":"https:\/\/www.lodelmomentoloja.com\/index.php?rest_route=\/wp\/v2\/users\/1"}],"replies":[{"embeddable":true,"href":"https:\/\/www.lodelmomentoloja.com\/index.php?rest_route=%2Fwp%2Fv2%2Fcomments&post=4548"}],"version-history":[{"count":1,"href":"https:\/\/www.lodelmomentoloja.com\/index.php?rest_route=\/wp\/v2\/posts\/4548\/revisions"}],"predecessor-version":[{"id":4551,"href":"https:\/\/www.lodelmomentoloja.com\/index.php?rest_route=\/wp\/v2\/posts\/4548\/revisions\/4551"}],"wp:featuredmedia":[{"embeddable":true,"href":"https:\/\/www.lodelmomentoloja.com\/index.php?rest_route=\/wp\/v2\/media\/4550"}],"wp:attachment":[{"href":"https:\/\/www.lodelmomentoloja.com\/index.php?rest_route=%2Fwp%2Fv2%2Fmedia&parent=4548"}],"wp:term":[{"taxonomy":"category","embeddable":true,"href":"https:\/\/www.lodelmomentoloja.com\/index.php?rest_route=%2Fwp%2Fv2%2Fcategories&post=4548"},{"taxonomy":"post_tag","embeddable":true,"href":"https:\/\/www.lodelmomentoloja.com\/index.php?rest_route=%2Fwp%2Fv2%2Ftags&post=4548"}],"curies":[{"name":"wp","href":"https:\/\/api.w.org\/{rel}","templated":true}]}}