{"id":4537,"date":"2021-06-25T14:40:16","date_gmt":"2021-06-25T14:40:16","guid":{"rendered":"http:\/\/www.lodelmomentoloja.com\/?p=4537"},"modified":"2021-06-25T19:40:12","modified_gmt":"2021-06-25T19:40:12","slug":"revista-call-for-papers","status":"publish","type":"post","link":"https:\/\/www.lodelmomentoloja.com\/?p=4537","title":{"rendered":"Revista Call for Papers"},"content":{"rendered":"<p>#Loja | C<strong>all for papers: Revista Cultura de Paz invita a colaborar con su Volumen V<\/strong><\/p>\n<p><em>La Revista Cultura de Paz, editada por la C\u00e1tedra UNESCO de Cultura y Educaci\u00f3n para la Paz de la UTPL y varias instituciones de Iberoam\u00e9rica, invita a <strong>expertos investigadores a que formen parte de su Volumen V, que se enfoca en el Racismo, Xenofobia y Discriminaci\u00f3n.<\/strong>\u00a0<\/em><\/p>\n<p><strong>La C\u00e1tedra Unesco de Cultura y Educaci\u00f3n para la Paz de la Universidad T\u00e9cnica Particular de Loja (UTPL)<\/strong> extiende su invitaci\u00f3n a los investigadores nacionales e internacionales para que puedan presentar sus aportes in\u00e9ditos a la <strong>Revista Cultura de Paz. <\/strong><\/p>\n<p>Anualmente, la Revista realiza este llamado anualmente con una tem\u00e1tica diferente, para su Volumen V, quienes deseen participar de esta edici\u00f3n, podr\u00e1n enfocarse en el monogr\u00e1fico: <strong>Racismo, Xenofobia y Discriminaci\u00f3n. <\/strong>Sin embargo, la presente edici\u00f3n tambi\u00e9n recoge estudios en las dimensiones espec\u00edficas de educaci\u00f3n <strong>para la paz, equidad de g\u00e9nero, interculturalidad, ambiente y desarrollo humano.\u00a0\u00a0<\/strong><\/p>\n<p>Los art\u00edculos ser\u00e1n receptados hasta el <strong>15 de octubre de 2021<\/strong>, por lo cual, quienes est\u00e9n interesados deber\u00e1n seguir el siguiente proceso:<\/p>\n<ol>\n<li>Ingresar a <a href=\"http:\/\/www.revistaculturadepaz.com\">revistaculturadepaz.com<\/a> secci\u00f3n env\u00edos y registrarse.<\/li>\n<li>Revisar todos los requerimientos de extensi\u00f3n y presentaci\u00f3n de los art\u00edculos que se encuentran en el mismo link.<\/li>\n<li>Presentar su investigaci\u00f3n.<\/li>\n<li>El tiempo de revisi\u00f3n y respuesta por parte del equipo revisor de la revista puede ser de hasta tres meses (se indicar\u00e1n los ajustes de publicaci\u00f3n de ser necesarios).<\/li>\n<\/ol>\n<p>La Revista de investigaci\u00f3n, hasta la actualidad cuenta en su p\u00e1gina web con m\u00e1s de 61 060 visitas de distintos lugares del mundo, ampliando su influencia a nivel internacional y convirti\u00e9ndose en un referente de investigaci\u00f3n, convirti\u00e9ndose la \u00fanica revista tem\u00e1tica en cultura y educaci\u00f3n para la paz en el Ecuador. \u00a0Adem\u00e1s, cuenta con cinco a\u00f1os de experiencia, donde se han conseguido m\u00e1s de 10 indexaciones internacionales: Latindex, DOAJ (Directory of Open Access Journals), Red Latinoamericana de Revistas Acad\u00e9micas en Ciencias Sociales y Humanidades, ROAD, Google Scholar, BASE, Open Archives Initiative, Matriz de Informaci\u00f3n para el An\u00e1lisis de Revistas, Red Iberoamericana de Innovaci\u00f3n y Conocimiento Cient\u00edfico, OpenAire.<\/p>\n<p>Para Santiago P\u00e9rez Samaniego, editor de la Revista Cultura de Paz y miembro del grupo de investigaci\u00f3n Paz, Ambiente y Sociedad en la UTPL<em> \u201ceste espacio de investigaci\u00f3n se constituye es una gran oportunidad para los investigadores nacionales e internacionales donde podr\u00e1n presentar los resultados de sus estudios, investigaciones o aportes sobre los temas centrales de la revista y el monogr\u00e1fico\u201d <\/em>explica.<\/p>\n<p>Asimismo, enfatiza que el monogr\u00e1fico Racismo, Xenofobia y Discriminaci\u00f3n correspondiente al Volumen V, responde a la necesidad de contar con un an\u00e1lisis cient\u00edfico, cr\u00edtico y profundo sobre las causas y efectos de estos actos negativos en el mundo, desde diferentes perspectivas y enfoques hacia el fomento y construcci\u00f3n de una cultura y educaci\u00f3n para la paz.<\/p>\n<p>La C\u00e1tedra UNESCO de Cultura y Educaci\u00f3n para la Paz de la UTPL, sin duda es un espacio de cooperaci\u00f3n y colaboraci\u00f3n internacional que favorece la formaci\u00f3n de capacidades en el \u00e1mbito de la producci\u00f3n y socializaci\u00f3n de conocimientos especializados en coherencia con las orientaciones y mandatos de la UNESCO a nivel mundial.<\/p>\n","protected":false},"excerpt":{"rendered":"<p>#Loja | Call for papers: Revista Cultura de Paz invita a colaborar con su Volumen&#8230;<\/p>\n","protected":false},"author":1,"featured_media":4538,"comment_status":"open","ping_status":"open","sticky":false,"template":"","format":"standard","meta":{"footnotes":""},"categories":[1],"tags":[],"class_list":["post-4537","post","type-post","status-publish","format-standard","has-post-thumbnail","hentry","category-inicio"],"_links":{"self":[{"href":"https:\/\/www.lodelmomentoloja.com\/index.php?rest_route=\/wp\/v2\/posts\/4537"}],"collection":[{"href":"https:\/\/www.lodelmomentoloja.com\/index.php?rest_route=\/wp\/v2\/posts"}],"about":[{"href":"https:\/\/www.lodelmomentoloja.com\/index.php?rest_route=\/wp\/v2\/types\/post"}],"author":[{"embeddable":true,"href":"https:\/\/www.lodelmomentoloja.com\/index.php?rest_route=\/wp\/v2\/users\/1"}],"replies":[{"embeddable":true,"href":"https:\/\/www.lodelmomentoloja.com\/index.php?rest_route=%2Fwp%2Fv2%2Fcomments&post=4537"}],"version-history":[{"count":1,"href":"https:\/\/www.lodelmomentoloja.com\/index.php?rest_route=\/wp\/v2\/posts\/4537\/revisions"}],"predecessor-version":[{"id":4539,"href":"https:\/\/www.lodelmomentoloja.com\/index.php?rest_route=\/wp\/v2\/posts\/4537\/revisions\/4539"}],"wp:featuredmedia":[{"embeddable":true,"href":"https:\/\/www.lodelmomentoloja.com\/index.php?rest_route=\/wp\/v2\/media\/4538"}],"wp:attachment":[{"href":"https:\/\/www.lodelmomentoloja.com\/index.php?rest_route=%2Fwp%2Fv2%2Fmedia&parent=4537"}],"wp:term":[{"taxonomy":"category","embeddable":true,"href":"https:\/\/www.lodelmomentoloja.com\/index.php?rest_route=%2Fwp%2Fv2%2Fcategories&post=4537"},{"taxonomy":"post_tag","embeddable":true,"href":"https:\/\/www.lodelmomentoloja.com\/index.php?rest_route=%2Fwp%2Fv2%2Ftags&post=4537"}],"curies":[{"name":"wp","href":"https:\/\/api.w.org\/{rel}","templated":true}]}}