{"id":4475,"date":"2021-06-21T09:25:21","date_gmt":"2021-06-21T09:25:21","guid":{"rendered":"http:\/\/www.lodelmomentoloja.com\/?p=4475"},"modified":"2021-06-21T14:27:02","modified_gmt":"2021-06-21T14:27:02","slug":"expresidente-de-la-conaie-detenidos-por-trafico-de-tierras","status":"publish","type":"post","link":"https:\/\/www.lodelmomentoloja.com\/?p=4475","title":{"rendered":"Expresidente de la Conaie, detenido por tr\u00e1fico de tierras."},"content":{"rendered":"<div class=\"kvgmc6g5 cxmmr5t8 oygrvhab hcukyx3x c1et5uql ii04i59q\">\n<div dir=\"auto\">\n<p><a class=\"oajrlxb2 g5ia77u1 qu0x051f esr5mh6w e9989ue4 r7d6kgcz rq0escxv nhd2j8a9 nc684nl6 p7hjln8o kvgmc6g5 cxmmr5t8 oygrvhab hcukyx3x jb3vyjys rz4wbd8a qt6c0cv9 a8nywdso i1ao9s8h esuyzwwr f1sip0of lzcic4wl q66pz984 gpro0wi8 b1v8xokw\" tabindex=\"0\" role=\"link\" href=\"https:\/\/www.facebook.com\/hashtag\/nacional?__eep__=6&amp;__cft__[0]=AZXzvpIu5MpEUkeyCo5z_-odJblwEJx1IBSltTUJ3r8FWTcfPPWwKIzWOIs_9g2D_SusOq4hlRlUUsBmlwxaNJnw_euAGDtP5yHZYj5MUq2DvegvPLt5qpkyCYLfvJLuGRbeYYmhiWUDrqoY_AQ8bLqqIcLZYNkMhwT8DzITZ1RMyw&amp;__tn__=*NK-R\">#Nacional<\/a> | Expresidente de la Conaie, Antonio Vargas, por tr\u00e1fico de tierras.<\/p>\n<\/div>\n<\/div>\n<div class=\"o9v6fnle cxmmr5t8 oygrvhab hcukyx3x c1et5uql ii04i59q\">\n<div dir=\"auto\">\n<p>El expresidente de la Conaie, Antonio Vargas, fue detenido por uso ilegal y tr\u00e1fico de tierras en el caso T\u00e9 Zulay. El exrepresentante ind\u00edgena ya enfrentaba este proceso desde 2017, fecha en el que fue sentenciado a tres a\u00f1os y ocho de meses de prisi\u00f3n.<\/p>\n<\/div>\n<\/div>\n<div class=\"o9v6fnle cxmmr5t8 oygrvhab hcukyx3x c1et5uql ii04i59q\">\n<div dir=\"auto\">\n<p>No obstante, en aquella ocasi\u00f3n hizo efectivo el art\u00edculo 10 del Convenio 169 de la OIT sobre pueblos ind\u00edgenas y tribales. En otras palabras, inst\u00f3 a que se le imponga sanciones alternativas al encarcelamiento.<\/p>\n<\/div>\n<\/div>\n<div class=\"o9v6fnle cxmmr5t8 oygrvhab hcukyx3x c1et5uql ii04i59q\">\n<div dir=\"auto\">\n<p>Bajo esta citada instancia, Vargas estaba cumpliendo sentencia con trabajos comunitarios. Aunque, este pasado domingo un juez de Pastaza emiti\u00f3 una orden de encarcelamiento y el exdirigente est\u00e1 detenido en la c\u00e1rcel de Macas.<\/p>\n<\/div>\n<\/div>\n<div class=\"o9v6fnle cxmmr5t8 oygrvhab hcukyx3x c1et5uql ii04i59q\">\n<div dir=\"auto\">\n<p>La Conaie hizo oficial su detenci\u00f3n y tach\u00f3 que este proceso es un hecho de persecuci\u00f3n. Por su parte, el abogado Len\u00edn Sarzosa argument\u00f3 que el proceso tiene tintes pol\u00edticos.<\/p>\n<\/div>\n<\/div>\n<div class=\"o9v6fnle cxmmr5t8 oygrvhab hcukyx3x c1et5uql ii04i59q\">\n<div dir=\"auto\">La organizaci\u00f3n ind\u00edgena anunci\u00f3 que la ma\u00f1ana de este lunes 21 de junio se emitir\u00e1 una rueda de prensa sobre la detenci\u00f3n del actual presidente de la Nacionalidad Kichwa de Pastaza.<\/div>\n<\/div>\n<div class=\"o9v6fnle cxmmr5t8 oygrvhab hcukyx3x c1et5uql ii04i59q\">\n<div dir=\"auto\"><a class=\"oajrlxb2 g5ia77u1 qu0x051f esr5mh6w e9989ue4 r7d6kgcz rq0escxv nhd2j8a9 nc684nl6 p7hjln8o kvgmc6g5 cxmmr5t8 oygrvhab hcukyx3x jb3vyjys rz4wbd8a qt6c0cv9 a8nywdso i1ao9s8h esuyzwwr f1sip0of lzcic4wl py34i1dx gpro0wi8\" tabindex=\"0\" role=\"link\" href=\"https:\/\/l.facebook.com\/l.php?u=http%3A%2F%2Fwww.lodelmomentoloja.com%2F%3Ffbclid%3DIwAR3wzdcBnyPQBggBjauTmOu3MVz4UZ0T0ALVqaQGErdp4Iq9eC-_Fmx66Hc&amp;h=AT1lQ1VB4qc-asGQAuStji9YEhK8jcqayT0YAUlq494LDLoQvHYKqZozp2srOoVXLJQNkCjXBdYUkdhdzWzVHIqQVcTUWKbdyZSgDNsahzOgPv_iffRBWOj7rZj3Wi7jAijI&amp;__tn__=-UK-R&amp;c[0]=AT3mYXK_qWqhiBFmVrZ-hPR0tzZPg49RmFqLsWmcQIjPAmhGGOd2BY5JyLUVZo6aGacaNJ1RmHViiavsbctci8L8GxJegGvuZar7tORYNAFoWVkHLo7AKP74vH_GmE9MekAoYpbFM4GfxTCitPO8J_cK8Uqm5QgqfzbuXxKoikx3twviYOo\" target=\"_blank\" rel=\"nofollow noopener\">www.lodelmomentoloja.com<\/a><\/div>\n<div dir=\"auto\"><a class=\"oajrlxb2 g5ia77u1 qu0x051f esr5mh6w e9989ue4 r7d6kgcz rq0escxv nhd2j8a9 nc684nl6 p7hjln8o kvgmc6g5 cxmmr5t8 oygrvhab hcukyx3x jb3vyjys rz4wbd8a qt6c0cv9 a8nywdso i1ao9s8h esuyzwwr f1sip0of lzcic4wl q66pz984 gpro0wi8 b1v8xokw\" tabindex=\"0\" role=\"link\" href=\"https:\/\/www.facebook.com\/hashtag\/ldmnoticias?__eep__=6&amp;__cft__[0]=AZXzvpIu5MpEUkeyCo5z_-odJblwEJx1IBSltTUJ3r8FWTcfPPWwKIzWOIs_9g2D_SusOq4hlRlUUsBmlwxaNJnw_euAGDtP5yHZYj5MUq2DvegvPLt5qpkyCYLfvJLuGRbeYYmhiWUDrqoY_AQ8bLqqIcLZYNkMhwT8DzITZ1RMyw&amp;__tn__=*NK-R\">#LDMnoticias<\/a> <a class=\"oajrlxb2 g5ia77u1 qu0x051f esr5mh6w e9989ue4 r7d6kgcz rq0escxv nhd2j8a9 nc684nl6 p7hjln8o kvgmc6g5 cxmmr5t8 oygrvhab hcukyx3x jb3vyjys rz4wbd8a qt6c0cv9 a8nywdso i1ao9s8h esuyzwwr f1sip0of lzcic4wl q66pz984 gpro0wi8 b1v8xokw\" tabindex=\"0\" role=\"link\" href=\"https:\/\/www.facebook.com\/hashtag\/lodelmomentolojaldm?__eep__=6&amp;__cft__[0]=AZXzvpIu5MpEUkeyCo5z_-odJblwEJx1IBSltTUJ3r8FWTcfPPWwKIzWOIs_9g2D_SusOq4hlRlUUsBmlwxaNJnw_euAGDtP5yHZYj5MUq2DvegvPLt5qpkyCYLfvJLuGRbeYYmhiWUDrqoY_AQ8bLqqIcLZYNkMhwT8DzITZ1RMyw&amp;__tn__=*NK-R\">#lodelmomentolojaLDM<\/a><\/div>\n<\/div>\n","protected":false},"excerpt":{"rendered":"<p>#Nacional | Expresidente de la Conaie, Antonio Vargas, por tr\u00e1fico de tierras. El expresidente de&#8230;<\/p>\n","protected":false},"author":1,"featured_media":4474,"comment_status":"open","ping_status":"open","sticky":false,"template":"","format":"standard","meta":{"footnotes":""},"categories":[1],"tags":[],"class_list":["post-4475","post","type-post","status-publish","format-standard","has-post-thumbnail","hentry","category-inicio"],"_links":{"self":[{"href":"https:\/\/www.lodelmomentoloja.com\/index.php?rest_route=\/wp\/v2\/posts\/4475"}],"collection":[{"href":"https:\/\/www.lodelmomentoloja.com\/index.php?rest_route=\/wp\/v2\/posts"}],"about":[{"href":"https:\/\/www.lodelmomentoloja.com\/index.php?rest_route=\/wp\/v2\/types\/post"}],"author":[{"embeddable":true,"href":"https:\/\/www.lodelmomentoloja.com\/index.php?rest_route=\/wp\/v2\/users\/1"}],"replies":[{"embeddable":true,"href":"https:\/\/www.lodelmomentoloja.com\/index.php?rest_route=%2Fwp%2Fv2%2Fcomments&post=4475"}],"version-history":[{"count":2,"href":"https:\/\/www.lodelmomentoloja.com\/index.php?rest_route=\/wp\/v2\/posts\/4475\/revisions"}],"predecessor-version":[{"id":4477,"href":"https:\/\/www.lodelmomentoloja.com\/index.php?rest_route=\/wp\/v2\/posts\/4475\/revisions\/4477"}],"wp:featuredmedia":[{"embeddable":true,"href":"https:\/\/www.lodelmomentoloja.com\/index.php?rest_route=\/wp\/v2\/media\/4474"}],"wp:attachment":[{"href":"https:\/\/www.lodelmomentoloja.com\/index.php?rest_route=%2Fwp%2Fv2%2Fmedia&parent=4475"}],"wp:term":[{"taxonomy":"category","embeddable":true,"href":"https:\/\/www.lodelmomentoloja.com\/index.php?rest_route=%2Fwp%2Fv2%2Fcategories&post=4475"},{"taxonomy":"post_tag","embeddable":true,"href":"https:\/\/www.lodelmomentoloja.com\/index.php?rest_route=%2Fwp%2Fv2%2Ftags&post=4475"}],"curies":[{"name":"wp","href":"https:\/\/api.w.org\/{rel}","templated":true}]}}