{"id":4456,"date":"2021-06-18T10:04:42","date_gmt":"2021-06-18T10:04:42","guid":{"rendered":"http:\/\/www.lodelmomentoloja.com\/?p=4456"},"modified":"2021-06-18T15:05:41","modified_gmt":"2021-06-18T15:05:41","slug":"espana-dice-adios-a-las-mascarillas","status":"publish","type":"post","link":"https:\/\/www.lodelmomentoloja.com\/?p=4456","title":{"rendered":"Espa\u00f1a dice adi\u00f3s a las mascarillas"},"content":{"rendered":"<p dir=\"ltr\">#Internacional | Espa\u00f1a se suma a Francia en deshacerse de las mascarillas.<\/p>\n<p dir=\"ltr\">La mascarilla dejar\u00e1 de ser obligatoria al aire libre en Espa\u00f1a. &#8220;Este ser\u00e1 el \u00faltimo fin de semana con mascarillas en los espacios al aire libre&#8221;, ha celebrado el presidente en el acto de clausura de la XXVI Reuni\u00f3 C\u00edrculo de Econom\u00eda.<\/p>\n<p dir=\"ltr\">El presidente del Gobierno,\u00a0Pedro S\u00e1nchez, ha anunciado que la\u00a0mascarilla dejar\u00e1 de ser obligatoria\u00a0en exteriores a partir del s\u00e1bado 26 de junio. La medida se aprobar\u00e1 en un Consejo de Ministros extraordinario el pr\u00f3ximo jueves.<\/p>\n<p dir=\"ltr\">&#8220;Este ser\u00e1 el\u00a0<b>\u00faltimo fin de semana\u00a0<\/b>con mascarillas en los espacios al aire libre. Nuestras calles, nuestros rostros, empezar\u00e1n a recuperar en los pr\u00f3ximos d\u00edas su aspecto normal&#8221;, ha celebrado el presidente antes de subrayar que &#8220;la alegr\u00eda de vivir de la\u00a0<b>sociedad espa\u00f1ola y la sociedad catalana<\/b>\u00a0es la alegr\u00eda de vivir de sus representantes en las instituciones p\u00fablicas, empezando por el Gobierno&#8221;.<\/p>\n<p dir=\"ltr\">www.lodelmomentoloja.com<br \/>\n#LDMnoticias #lodelmomentolojaLDM<\/p>\n","protected":false},"excerpt":{"rendered":"<p>#Internacional | Espa\u00f1a se suma a Francia en deshacerse de las mascarillas. La mascarilla dejar\u00e1&#8230;<\/p>\n","protected":false},"author":1,"featured_media":4454,"comment_status":"open","ping_status":"open","sticky":false,"template":"","format":"standard","meta":{"footnotes":""},"categories":[1],"tags":[],"class_list":["post-4456","post","type-post","status-publish","format-standard","has-post-thumbnail","hentry","category-inicio"],"_links":{"self":[{"href":"https:\/\/www.lodelmomentoloja.com\/index.php?rest_route=\/wp\/v2\/posts\/4456"}],"collection":[{"href":"https:\/\/www.lodelmomentoloja.com\/index.php?rest_route=\/wp\/v2\/posts"}],"about":[{"href":"https:\/\/www.lodelmomentoloja.com\/index.php?rest_route=\/wp\/v2\/types\/post"}],"author":[{"embeddable":true,"href":"https:\/\/www.lodelmomentoloja.com\/index.php?rest_route=\/wp\/v2\/users\/1"}],"replies":[{"embeddable":true,"href":"https:\/\/www.lodelmomentoloja.com\/index.php?rest_route=%2Fwp%2Fv2%2Fcomments&post=4456"}],"version-history":[{"count":1,"href":"https:\/\/www.lodelmomentoloja.com\/index.php?rest_route=\/wp\/v2\/posts\/4456\/revisions"}],"predecessor-version":[{"id":4457,"href":"https:\/\/www.lodelmomentoloja.com\/index.php?rest_route=\/wp\/v2\/posts\/4456\/revisions\/4457"}],"wp:featuredmedia":[{"embeddable":true,"href":"https:\/\/www.lodelmomentoloja.com\/index.php?rest_route=\/wp\/v2\/media\/4454"}],"wp:attachment":[{"href":"https:\/\/www.lodelmomentoloja.com\/index.php?rest_route=%2Fwp%2Fv2%2Fmedia&parent=4456"}],"wp:term":[{"taxonomy":"category","embeddable":true,"href":"https:\/\/www.lodelmomentoloja.com\/index.php?rest_route=%2Fwp%2Fv2%2Fcategories&post=4456"},{"taxonomy":"post_tag","embeddable":true,"href":"https:\/\/www.lodelmomentoloja.com\/index.php?rest_route=%2Fwp%2Fv2%2Ftags&post=4456"}],"curies":[{"name":"wp","href":"https:\/\/api.w.org\/{rel}","templated":true}]}}