{"id":4449,"date":"2021-06-17T18:08:45","date_gmt":"2021-06-17T18:08:45","guid":{"rendered":"http:\/\/www.lodelmomentoloja.com\/?p=4449"},"modified":"2021-06-17T23:10:24","modified_gmt":"2021-06-17T23:10:24","slug":"retomaran-el-trabajo-presencial-en-ecuador","status":"publish","type":"post","link":"https:\/\/www.lodelmomentoloja.com\/?p=4449","title":{"rendered":"Retomar\u00e1n el trabajo presencial en Ecuador"},"content":{"rendered":"<p>#Nacional | El 1 de julio de 2021 se retoma el trabajo presencial en Ecuador.<\/p>\n<p>El ministro de Trabajo, Patricio Donoso, anunci\u00f3 este 17 de junio de 2021 que las instituciones p\u00fablicas y privadas retornar\u00e1n al trabajo presencial a partir del 1 de julio de 2021.<\/p>\n<p>En una rueda de prensa del Comit\u00e9 de Operaciones de Emergencia (COE) Nacional, Donoso explic\u00f3 que hasta el 25 de junio el Ministerio de Trabajo presentar\u00e1 el protocolo en el que se conocer\u00e1n detalles sobre esta resoluci\u00f3n.<\/p>\n<p>Y aclar\u00f3 que hasta el 30 de junio de 2021 se mantendr\u00e1 el teletrabajo en las entidades p\u00fablicas y privadas.<\/p>\n<p>Adem\u00e1s Juan Zapata se\u00f1al\u00f3 que en caso de regresar al trabajo presencial ser\u00e1 de acuerdo al aforo con el que las instituciones recibir\u00e1n a sus colaboradores depender\u00e1 de la situaci\u00f3n epidemiol\u00f3gica. \u201cPuede ser el 30%, del 50%, pero en ning\u00fan caso ser\u00e1 del 100%\u201d.<\/p>\n<p>www.lodelmomentoloja.com<br \/>\n#LDMnoticias #lodelmomentolojaLDM<\/p>\n","protected":false},"excerpt":{"rendered":"<p>#Nacional | El 1 de julio de 2021 se retoma el trabajo presencial en Ecuador&#8230;.<\/p>\n","protected":false},"author":1,"featured_media":4450,"comment_status":"open","ping_status":"open","sticky":false,"template":"","format":"standard","meta":{"footnotes":""},"categories":[1],"tags":[],"class_list":["post-4449","post","type-post","status-publish","format-standard","has-post-thumbnail","hentry","category-inicio"],"_links":{"self":[{"href":"https:\/\/www.lodelmomentoloja.com\/index.php?rest_route=\/wp\/v2\/posts\/4449"}],"collection":[{"href":"https:\/\/www.lodelmomentoloja.com\/index.php?rest_route=\/wp\/v2\/posts"}],"about":[{"href":"https:\/\/www.lodelmomentoloja.com\/index.php?rest_route=\/wp\/v2\/types\/post"}],"author":[{"embeddable":true,"href":"https:\/\/www.lodelmomentoloja.com\/index.php?rest_route=\/wp\/v2\/users\/1"}],"replies":[{"embeddable":true,"href":"https:\/\/www.lodelmomentoloja.com\/index.php?rest_route=%2Fwp%2Fv2%2Fcomments&post=4449"}],"version-history":[{"count":1,"href":"https:\/\/www.lodelmomentoloja.com\/index.php?rest_route=\/wp\/v2\/posts\/4449\/revisions"}],"predecessor-version":[{"id":4451,"href":"https:\/\/www.lodelmomentoloja.com\/index.php?rest_route=\/wp\/v2\/posts\/4449\/revisions\/4451"}],"wp:featuredmedia":[{"embeddable":true,"href":"https:\/\/www.lodelmomentoloja.com\/index.php?rest_route=\/wp\/v2\/media\/4450"}],"wp:attachment":[{"href":"https:\/\/www.lodelmomentoloja.com\/index.php?rest_route=%2Fwp%2Fv2%2Fmedia&parent=4449"}],"wp:term":[{"taxonomy":"category","embeddable":true,"href":"https:\/\/www.lodelmomentoloja.com\/index.php?rest_route=%2Fwp%2Fv2%2Fcategories&post=4449"},{"taxonomy":"post_tag","embeddable":true,"href":"https:\/\/www.lodelmomentoloja.com\/index.php?rest_route=%2Fwp%2Fv2%2Ftags&post=4449"}],"curies":[{"name":"wp","href":"https:\/\/api.w.org\/{rel}","templated":true}]}}