{"id":4421,"date":"2021-06-16T14:00:22","date_gmt":"2021-06-16T14:00:22","guid":{"rendered":"http:\/\/www.lodelmomentoloja.com\/?p=4421"},"modified":"2021-06-16T19:30:54","modified_gmt":"2021-06-16T19:30:54","slug":"dia-del-locutor-ecuatoriano","status":"publish","type":"post","link":"https:\/\/www.lodelmomentoloja.com\/?p=4421","title":{"rendered":"D\u00eda del Locutor Ecuatoriano"},"content":{"rendered":"<p>#Ecuador | La Asociaci\u00f3n Ecuatoriana de Radiodifusi\u00f3n, presidida por Louis Hanna Musse declar\u00f3 el 16 de Junio D\u00eda el Locutor ecuatoriano.<\/p>\n<p>Historia: El d\u00eda 16 de Junio de 1930, sali\u00f3 desde la calle Eloy Alfaro frente al Parque Montalvo en la ciudad de Guayaquil, la emisi\u00f3n de HC2JSB. Ecuador Radio y correspondi\u00f3 al guayaquile\u00f1o Juan Sergio Behr, ser el primer locutor comercial del Ecuador, convirti\u00e9ndose as\u00ed en el pionero de la radio comercial del Ecuador, en la p\u00e1gina 8D del Domingo 22 de Junio del 2003, el Diario El Universo, Hugo Delgado Cepeda relata este acontecimiento.<\/p>\n<p>Felicitamos a todos los locutores de radio del Ecuador que contribuyen al progreso de la Naci\u00f3n.<\/p>\n<p>www.lodelmomentoloja.com<br \/>\n#LDMnoticias #lodelmomentolojaLDM<\/p>\n","protected":false},"excerpt":{"rendered":"<p>#Ecuador | La Asociaci\u00f3n Ecuatoriana de Radiodifusi\u00f3n, presidida por Louis Hanna Musse declar\u00f3 el 16&#8230;<\/p>\n","protected":false},"author":1,"featured_media":4422,"comment_status":"open","ping_status":"open","sticky":false,"template":"","format":"standard","meta":{"footnotes":""},"categories":[1],"tags":[],"class_list":["post-4421","post","type-post","status-publish","format-standard","has-post-thumbnail","hentry","category-inicio"],"_links":{"self":[{"href":"https:\/\/www.lodelmomentoloja.com\/index.php?rest_route=\/wp\/v2\/posts\/4421"}],"collection":[{"href":"https:\/\/www.lodelmomentoloja.com\/index.php?rest_route=\/wp\/v2\/posts"}],"about":[{"href":"https:\/\/www.lodelmomentoloja.com\/index.php?rest_route=\/wp\/v2\/types\/post"}],"author":[{"embeddable":true,"href":"https:\/\/www.lodelmomentoloja.com\/index.php?rest_route=\/wp\/v2\/users\/1"}],"replies":[{"embeddable":true,"href":"https:\/\/www.lodelmomentoloja.com\/index.php?rest_route=%2Fwp%2Fv2%2Fcomments&post=4421"}],"version-history":[{"count":1,"href":"https:\/\/www.lodelmomentoloja.com\/index.php?rest_route=\/wp\/v2\/posts\/4421\/revisions"}],"predecessor-version":[{"id":4423,"href":"https:\/\/www.lodelmomentoloja.com\/index.php?rest_route=\/wp\/v2\/posts\/4421\/revisions\/4423"}],"wp:featuredmedia":[{"embeddable":true,"href":"https:\/\/www.lodelmomentoloja.com\/index.php?rest_route=\/wp\/v2\/media\/4422"}],"wp:attachment":[{"href":"https:\/\/www.lodelmomentoloja.com\/index.php?rest_route=%2Fwp%2Fv2%2Fmedia&parent=4421"}],"wp:term":[{"taxonomy":"category","embeddable":true,"href":"https:\/\/www.lodelmomentoloja.com\/index.php?rest_route=%2Fwp%2Fv2%2Fcategories&post=4421"},{"taxonomy":"post_tag","embeddable":true,"href":"https:\/\/www.lodelmomentoloja.com\/index.php?rest_route=%2Fwp%2Fv2%2Ftags&post=4421"}],"curies":[{"name":"wp","href":"https:\/\/api.w.org\/{rel}","templated":true}]}}