{"id":4415,"date":"2021-06-16T10:20:37","date_gmt":"2021-06-16T10:20:37","guid":{"rendered":"http:\/\/www.lodelmomentoloja.com\/?p=4415"},"modified":"2021-06-16T15:24:58","modified_gmt":"2021-06-16T15:24:58","slug":"francia-dejara-de-usar-mascarillas","status":"publish","type":"post","link":"https:\/\/www.lodelmomentoloja.com\/?p=4415","title":{"rendered":"Francia dejar\u00e1 de usar mascarillas"},"content":{"rendered":"<p>#Internacional | Francia pone fin al uso de mascarilla obligatoria.<\/p>\n<p>El primer ministro franc\u00e9s Jean Castex, anunci\u00f3 este mi\u00e9rcoles que el uso de la mascarilla al aire libre ya no ser\u00e1 obligatoria en Francia a partir del jueves, salvo en ciertas circunstancias como los encuentros entre mucha gente, los lugares muy concurridos o los estadios, adem\u00e1s declar\u00f3 el levantamiento del toque de queda, en vigor desde las 23H00 actualmente.<\/p>\n<p>Estas decisiones se habr\u00edan tomado debido a la situaci\u00f3n sanitaria &#8220;mejora m\u00e1s r\u00e1pido de lo que hab\u00edamos previsto&#8221;, explic\u00f3 el primer ministro, tras una reuni\u00f3n del Consejo de Defensa y del consejo de ministros, los nuevos casos de covid-19 llegaron a 3.200 el martes, el nivel m\u00e1s bajo desde agosto de 2020 &#8211; a\u00f1adi\u00f3.<\/p>\n<p>Castex anunci\u00f3 adem\u00e1s que 35 millones de franceses estar\u00e1n totalmente vacunados a finales de agosto, es decir, algo m\u00e1s de la mitad de la poblaci\u00f3n.<\/p>\n<p>www.lodelmomentoloja.com<br \/>\n#LDMnoticias #lodelmomentolojaLDM<\/p>\n","protected":false},"excerpt":{"rendered":"<p>#Internacional | Francia pone fin al uso de mascarilla obligatoria. El primer ministro franc\u00e9s Jean&#8230;<\/p>\n","protected":false},"author":1,"featured_media":4416,"comment_status":"open","ping_status":"open","sticky":false,"template":"","format":"standard","meta":{"footnotes":""},"categories":[1],"tags":[],"class_list":["post-4415","post","type-post","status-publish","format-standard","has-post-thumbnail","hentry","category-inicio"],"_links":{"self":[{"href":"https:\/\/www.lodelmomentoloja.com\/index.php?rest_route=\/wp\/v2\/posts\/4415"}],"collection":[{"href":"https:\/\/www.lodelmomentoloja.com\/index.php?rest_route=\/wp\/v2\/posts"}],"about":[{"href":"https:\/\/www.lodelmomentoloja.com\/index.php?rest_route=\/wp\/v2\/types\/post"}],"author":[{"embeddable":true,"href":"https:\/\/www.lodelmomentoloja.com\/index.php?rest_route=\/wp\/v2\/users\/1"}],"replies":[{"embeddable":true,"href":"https:\/\/www.lodelmomentoloja.com\/index.php?rest_route=%2Fwp%2Fv2%2Fcomments&post=4415"}],"version-history":[{"count":1,"href":"https:\/\/www.lodelmomentoloja.com\/index.php?rest_route=\/wp\/v2\/posts\/4415\/revisions"}],"predecessor-version":[{"id":4417,"href":"https:\/\/www.lodelmomentoloja.com\/index.php?rest_route=\/wp\/v2\/posts\/4415\/revisions\/4417"}],"wp:featuredmedia":[{"embeddable":true,"href":"https:\/\/www.lodelmomentoloja.com\/index.php?rest_route=\/wp\/v2\/media\/4416"}],"wp:attachment":[{"href":"https:\/\/www.lodelmomentoloja.com\/index.php?rest_route=%2Fwp%2Fv2%2Fmedia&parent=4415"}],"wp:term":[{"taxonomy":"category","embeddable":true,"href":"https:\/\/www.lodelmomentoloja.com\/index.php?rest_route=%2Fwp%2Fv2%2Fcategories&post=4415"},{"taxonomy":"post_tag","embeddable":true,"href":"https:\/\/www.lodelmomentoloja.com\/index.php?rest_route=%2Fwp%2Fv2%2Ftags&post=4415"}],"curies":[{"name":"wp","href":"https:\/\/api.w.org\/{rel}","templated":true}]}}