{"id":4397,"date":"2021-06-15T12:53:29","date_gmt":"2021-06-15T12:53:29","guid":{"rendered":"http:\/\/www.lodelmomentoloja.com\/?p=4397"},"modified":"2021-06-15T17:53:27","modified_gmt":"2021-06-15T17:53:27","slug":"dia-mundial-de-toma-de-conciencia-de-abuso-y-maltrato-en-la-vejez","status":"publish","type":"post","link":"https:\/\/www.lodelmomentoloja.com\/?p=4397","title":{"rendered":"D\u00eda Mundial de Toma de Conciencia de Abuso y Maltrato en la vejez"},"content":{"rendered":"<div class=\"\" data-block=\"true\" data-editor=\"8h85t\" data-offset-key=\"4fuq7-0-0\">\n<div class=\"_1mf _1mj\" data-offset-key=\"4fuq7-0-0\"><span class=\"diy96o5h\"><span data-offset-key=\"4fuq7-0-0\">#Mundo<\/span><\/span><span data-offset-key=\"4fuq7-1-0\"> | D\u00eda Mundial de Toma de Conciencia de Abuso y Maltrato en la <\/span><span data-offset-key=\"4fuq7-2-0\">vejez<\/span><\/div>\n<\/div>\n<div class=\"\" data-block=\"true\" data-editor=\"8h85t\" data-offset-key=\"4cn0j-0-0\">\n<div class=\"_1mf _1mj\" data-offset-key=\"4cn0j-0-0\"><span data-offset-key=\"4cn0j-0-0\">\u00a0<\/span><\/div>\n<\/div>\n<div class=\"\" data-block=\"true\" data-editor=\"8h85t\" data-offset-key=\"1o4ad-0-0\">\n<div class=\"_1mf _1mj\" data-offset-key=\"1o4ad-0-0\"><span data-offset-key=\"1o4ad-0-0\">Todos los 15 de junio desde el a\u00f1o 2011 se celebra el D\u00eda Mundial de Toma de Conciencia de Abuso y Maltrato en la vejez con el fin de poder expresar nuestra resistencia ante los abusos y sufrimiento impuesto a nuestros mayores.<\/span><\/div>\n<\/div>\n<div class=\"\" data-block=\"true\" data-editor=\"8h85t\" data-offset-key=\"8prq4-0-0\">\n<div class=\"_1mf _1mj\" data-offset-key=\"8prq4-0-0\"><span data-offset-key=\"8prq4-0-0\">\u00a0<\/span><\/div>\n<\/div>\n<div class=\"\" data-block=\"true\" data-editor=\"8h85t\" data-offset-key=\"3ek4h-0-0\">\n<div class=\"_1mf _1mj\" data-offset-key=\"3ek4h-0-0\"><span data-offset-key=\"3ek4h-0-0\">&#8220;El maltrato de las personas mayores ha comenzado a ganar una mayor visibilidad como problema en todo el mundo. Aun as\u00ed, sigue siendo uno de los tipos de violencia menos tratados en los estudios que se llevan a cabo a nivel nacional y menos abordados en los planes de acci\u00f3n contra la violencia&#8221;<\/span><\/div>\n<\/div>\n<div class=\"\" data-block=\"true\" data-editor=\"8h85t\" data-offset-key=\"9eqri-0-0\">\n<div class=\"_1mf _1mj\" data-offset-key=\"9eqri-0-0\"><span data-offset-key=\"9eqri-0-0\">\u00a0<\/span><\/div>\n<\/div>\n<div class=\"\" data-block=\"true\" data-editor=\"8h85t\" data-offset-key=\"4pj0k-0-0\">\n<div class=\"_1mf _1mj\" data-offset-key=\"4pj0k-0-0\"><span data-offset-key=\"4pj0k-0-0\">El maltrato que se revindica en este d\u00eda ante las personas mayores puede ser tanto psicol\u00f3gico, f\u00edsico, econ\u00f3mico o sexual. <\/span><\/div>\n<\/div>\n<div class=\"\" data-block=\"true\" data-editor=\"8h85t\" data-offset-key=\"aibak-0-0\">\n<div class=\"_1mf _1mj\" data-offset-key=\"aibak-0-0\"><span data-offset-key=\"aibak-0-0\">\u00a0<\/span><\/div>\n<\/div>\n<div class=\"\" data-block=\"true\" data-editor=\"8h85t\" data-offset-key=\"580l1-0-0\">\n<div class=\"_1mf _1mj\" data-offset-key=\"580l1-0-0\"><span class=\"py34i1dx\"><span data-offset-key=\"580l1-0-0\">www.lodelmomentoloja.com<\/span><\/span><\/div>\n<\/div>\n<div class=\"\" data-block=\"true\" data-editor=\"8h85t\" data-offset-key=\"are0f-0-0\">\n<div class=\"_1mf _1mj\" data-offset-key=\"are0f-0-0\"><span class=\"diy96o5h\"><span data-offset-key=\"are0f-0-0\">#LDMnoticias<\/span><\/span> <span class=\"diy96o5h\"><span data-offset-key=\"are0f-2-0\">#lodelmomentolojaLDM<\/span><\/span><\/div>\n<\/div>\n","protected":false},"excerpt":{"rendered":"<p>#Mundo | D\u00eda Mundial de Toma de Conciencia de Abuso y Maltrato en la vejez&#8230;<\/p>\n","protected":false},"author":1,"featured_media":4399,"comment_status":"open","ping_status":"open","sticky":false,"template":"","format":"standard","meta":{"footnotes":""},"categories":[1],"tags":[],"class_list":["post-4397","post","type-post","status-publish","format-standard","has-post-thumbnail","hentry","category-inicio"],"_links":{"self":[{"href":"https:\/\/www.lodelmomentoloja.com\/index.php?rest_route=\/wp\/v2\/posts\/4397"}],"collection":[{"href":"https:\/\/www.lodelmomentoloja.com\/index.php?rest_route=\/wp\/v2\/posts"}],"about":[{"href":"https:\/\/www.lodelmomentoloja.com\/index.php?rest_route=\/wp\/v2\/types\/post"}],"author":[{"embeddable":true,"href":"https:\/\/www.lodelmomentoloja.com\/index.php?rest_route=\/wp\/v2\/users\/1"}],"replies":[{"embeddable":true,"href":"https:\/\/www.lodelmomentoloja.com\/index.php?rest_route=%2Fwp%2Fv2%2Fcomments&post=4397"}],"version-history":[{"count":1,"href":"https:\/\/www.lodelmomentoloja.com\/index.php?rest_route=\/wp\/v2\/posts\/4397\/revisions"}],"predecessor-version":[{"id":4400,"href":"https:\/\/www.lodelmomentoloja.com\/index.php?rest_route=\/wp\/v2\/posts\/4397\/revisions\/4400"}],"wp:featuredmedia":[{"embeddable":true,"href":"https:\/\/www.lodelmomentoloja.com\/index.php?rest_route=\/wp\/v2\/media\/4399"}],"wp:attachment":[{"href":"https:\/\/www.lodelmomentoloja.com\/index.php?rest_route=%2Fwp%2Fv2%2Fmedia&parent=4397"}],"wp:term":[{"taxonomy":"category","embeddable":true,"href":"https:\/\/www.lodelmomentoloja.com\/index.php?rest_route=%2Fwp%2Fv2%2Fcategories&post=4397"},{"taxonomy":"post_tag","embeddable":true,"href":"https:\/\/www.lodelmomentoloja.com\/index.php?rest_route=%2Fwp%2Fv2%2Ftags&post=4397"}],"curies":[{"name":"wp","href":"https:\/\/api.w.org\/{rel}","templated":true}]}}