{"id":4379,"date":"2021-06-14T17:39:26","date_gmt":"2021-06-14T17:39:26","guid":{"rendered":"http:\/\/www.lodelmomentoloja.com\/?p=4379"},"modified":"2021-06-14T22:40:50","modified_gmt":"2021-06-14T22:40:50","slug":"cambios-en-la-vicealcaldia-del-canton-celica","status":"publish","type":"post","link":"https:\/\/www.lodelmomentoloja.com\/?p=4379","title":{"rendered":"Cambios en la Vicealcald\u00eda del cant\u00f3n Celica."},"content":{"rendered":"<p dir=\"ltr\">#Loja | Mar\u00eda Salom\u00e9 Lude\u00f1a, no va m\u00e1s en la Vicealcald\u00eda del cant\u00f3n Celica.<\/p>\n<p dir=\"ltr\">Mediante resoluci\u00f3n aprobada en el cabildo municipal de Celica, de este Lunes 04 de Junio del 2021, se proclam\u00f3 al concejal Luis Camacho, electo como vicealcalde.<\/p>\n<p dir=\"ltr\">La moci\u00f3n fue presentada por el Concejal Lic. Juan Villena, &#8220;La segunda autoridad del cant\u00f3n Celica, debe ser\u00a0 representante del sector rural, por ende propongo al concejal Luis Camacho&#8221;.<\/p>\n<p dir=\"ltr\">Tras existir un sola propuesta para ocupar dicho cargo, la votaci\u00f3n para la elecci\u00f3n del nuevo vicealcalde del cant\u00f3n Celica, se registr\u00f3 de la siguiente manera:<\/p>\n<p dir=\"ltr\">3 Votos a favor: Oswaldo Rom\u00e1n, Luis Camacho, Juan Villena.<br \/>\n3 Votos en contra: Rigoberto Chal\u00e1n, Lic. Reinaldo Rojas, Mar\u00eda Salom\u00e9 Lude\u00f1a.<\/p>\n<p dir=\"ltr\">&#8220;En vista de haber existido un empate en votaciones, 3 a favor y 3 en contra de la moci\u00f3n, de acuerdo con el art\u00edculo 4 de la Ordenanza de Organizaci\u00f3n y Funcionamiento de Concejo, le corresponde al se\u00f1or Alcalde decidir sobre la votaci\u00f3n&#8221;<\/p>\n<p dir=\"ltr\">La decisi\u00f3n final del alcalde Rom\u00e1n, fue a favor de la moci\u00f3n presentada, por lo que fueron 4 votos a favor de Luis Camacho para ser el nuevo vicealcalde de Celica.<\/p>\n<p dir=\"ltr\">www.lodelmomentoloja.com<br \/>\n#LDMnoticias #lodelmomentolojaLDM<\/p>\n","protected":false},"excerpt":{"rendered":"<p>#Loja | Mar\u00eda Salom\u00e9 Lude\u00f1a, no va m\u00e1s en la Vicealcald\u00eda del cant\u00f3n Celica. Mediante&#8230;<\/p>\n","protected":false},"author":1,"featured_media":4380,"comment_status":"open","ping_status":"open","sticky":false,"template":"","format":"standard","meta":{"footnotes":""},"categories":[1],"tags":[],"class_list":["post-4379","post","type-post","status-publish","format-standard","has-post-thumbnail","hentry","category-inicio"],"_links":{"self":[{"href":"https:\/\/www.lodelmomentoloja.com\/index.php?rest_route=\/wp\/v2\/posts\/4379"}],"collection":[{"href":"https:\/\/www.lodelmomentoloja.com\/index.php?rest_route=\/wp\/v2\/posts"}],"about":[{"href":"https:\/\/www.lodelmomentoloja.com\/index.php?rest_route=\/wp\/v2\/types\/post"}],"author":[{"embeddable":true,"href":"https:\/\/www.lodelmomentoloja.com\/index.php?rest_route=\/wp\/v2\/users\/1"}],"replies":[{"embeddable":true,"href":"https:\/\/www.lodelmomentoloja.com\/index.php?rest_route=%2Fwp%2Fv2%2Fcomments&post=4379"}],"version-history":[{"count":1,"href":"https:\/\/www.lodelmomentoloja.com\/index.php?rest_route=\/wp\/v2\/posts\/4379\/revisions"}],"predecessor-version":[{"id":4381,"href":"https:\/\/www.lodelmomentoloja.com\/index.php?rest_route=\/wp\/v2\/posts\/4379\/revisions\/4381"}],"wp:featuredmedia":[{"embeddable":true,"href":"https:\/\/www.lodelmomentoloja.com\/index.php?rest_route=\/wp\/v2\/media\/4380"}],"wp:attachment":[{"href":"https:\/\/www.lodelmomentoloja.com\/index.php?rest_route=%2Fwp%2Fv2%2Fmedia&parent=4379"}],"wp:term":[{"taxonomy":"category","embeddable":true,"href":"https:\/\/www.lodelmomentoloja.com\/index.php?rest_route=%2Fwp%2Fv2%2Fcategories&post=4379"},{"taxonomy":"post_tag","embeddable":true,"href":"https:\/\/www.lodelmomentoloja.com\/index.php?rest_route=%2Fwp%2Fv2%2Ftags&post=4379"}],"curies":[{"name":"wp","href":"https:\/\/api.w.org\/{rel}","templated":true}]}}