{"id":4346,"date":"2021-06-11T09:00:19","date_gmt":"2021-06-11T09:00:19","guid":{"rendered":"http:\/\/www.lodelmomentoloja.com\/?p=4346"},"modified":"2021-06-13T20:23:34","modified_gmt":"2021-06-13T20:23:34","slug":"cuarentena-total-en-chile","status":"publish","type":"post","link":"https:\/\/www.lodelmomentoloja.com\/?p=4346","title":{"rendered":"Cuarentena total en Chile"},"content":{"rendered":"<div class=\"kvgmc6g5 cxmmr5t8 oygrvhab hcukyx3x c1et5uql ii04i59q\">\n<div dir=\"auto\"><a class=\"oajrlxb2 g5ia77u1 qu0x051f esr5mh6w e9989ue4 r7d6kgcz rq0escxv nhd2j8a9 nc684nl6 p7hjln8o kvgmc6g5 cxmmr5t8 oygrvhab hcukyx3x jb3vyjys rz4wbd8a qt6c0cv9 a8nywdso i1ao9s8h esuyzwwr f1sip0of lzcic4wl q66pz984 gpro0wi8 b1v8xokw\" tabindex=\"0\" role=\"link\" href=\"https:\/\/www.facebook.com\/hashtag\/mundo?__eep__=6&amp;__cft__[0]=AZUjMp-a5APNLylQ4ETRWoGYsRz0x_lLeJk1D-QhmASvH8QY1VsBBi7L4gkWE7TS6MOQXMKCDn1-KeBHOx345v7b3cPe30H2joEzqCSJnsMVOODz14BZuAZ-a-3tyU29JMXGcxIRhqP3xQ4TpUyvvtuUvfxwBoD7uZ3uEBx_mgqafldwJ_jGkDROatgxB3tSG5I&amp;__tn__=*NK-R\">#Mundo<\/a> | Santiago de Chile volver\u00e1 a cuarentena total.<\/div>\n<div dir=\"auto\"><\/div>\n<\/div>\n<div class=\"o9v6fnle cxmmr5t8 oygrvhab hcukyx3x c1et5uql ii04i59q\">\n<div dir=\"auto\">Las autoridades sanitarias chilenas informaron que la Regi\u00f3n Metropolitana, que alberga la capital y donde habitan m\u00e1s de 7 millones de personas, vuelve a cuarentena total este s\u00e1bado debido al sostenido aumento de casos de los \u00faltimos d\u00edas y al alarmante colapso sanitario.<\/p>\n<\/div>\n<\/div>\n<div class=\"o9v6fnle cxmmr5t8 oygrvhab hcukyx3x c1et5uql ii04i59q\">\n<div dir=\"auto\">\u201cSi bien en nuestro pa\u00eds hemos visto cierta estabilizaci\u00f3n de los casos y en algunas regiones tendencias positivas, la Regi\u00f3n Metropolitana nos preocupa de mayor manera por la cantidad de habitantes y las camas cr\u00edticas\u201d, se\u00f1al\u00f3 la subsecretaria de Salud P\u00fablica, Paula Daza.<\/div>\n<div dir=\"auto\"><\/div>\n<\/div>\n<div class=\"o9v6fnle cxmmr5t8 oygrvhab hcukyx3x c1et5uql ii04i59q\">\n<div dir=\"auto\">Seg\u00fan report\u00f3 el Ministerio de Salud, la situaci\u00f3n hospitalaria de Santiago est\u00e1 al l\u00edmite, con el 98% de las camas de unidades de cuidados intensivos ocupadas, pese a que algunos de sus barrios llevan m\u00e1s de nueve semanas bajo medidas de confinamiento total.<\/div>\n<div dir=\"auto\"><\/div>\n<\/div>\n<div class=\"o9v6fnle cxmmr5t8 oygrvhab hcukyx3x c1et5uql ii04i59q\">\n<div dir=\"auto\"><a class=\"oajrlxb2 g5ia77u1 qu0x051f esr5mh6w e9989ue4 r7d6kgcz rq0escxv nhd2j8a9 nc684nl6 p7hjln8o kvgmc6g5 cxmmr5t8 oygrvhab hcukyx3x jb3vyjys rz4wbd8a qt6c0cv9 a8nywdso i1ao9s8h esuyzwwr f1sip0of lzcic4wl py34i1dx gpro0wi8\" tabindex=\"0\" role=\"link\" href=\"https:\/\/l.facebook.com\/l.php?u=http%3A%2F%2Fwww.lodelmomentoloja.com%2F%3Ffbclid%3DIwAR36sHCc26xEJ8fOiRH5jHHH8OmuGa3GkS-8Ts2rJgmBRcT_AP5E3eMokds&amp;h=AT1Sl0c2-PeVNeyok3o9swuX4RO4vgJbZ54BiQFjAXpjTe8UNQm4oxtsP0hOS9Ch8Hb8O2JQFlO-QsEDWk9yGG8t2z3ALdF_WLmtrv-6DwSLT8Dei9YUa-jK8Kr9c2Z3&amp;__tn__=-UK-R&amp;c[0]=AT3rrbMBJJ_NBsCe_f8dhBB81-ZlIK5B0grQVu64J6WO6OnU3O5jsBq6auuOP5aRvkGw3ONMLI1bzJu4tfh5TCf5W8NdjmYz9c4CbzedMsSJrHDkJJEVSRKAsh3KfOpEr2QZdXOZE6xcEwPPSmkz9zBKw_ZTT0vAX6LLRwuLrCjcz5TVovVvfPhjrGPQeC74x42Hlio\" target=\"_blank\" rel=\"nofollow noopener\">www.lodelmomentoloja.com<\/a><\/div>\n<div dir=\"auto\"><a class=\"oajrlxb2 g5ia77u1 qu0x051f esr5mh6w e9989ue4 r7d6kgcz rq0escxv nhd2j8a9 nc684nl6 p7hjln8o kvgmc6g5 cxmmr5t8 oygrvhab hcukyx3x jb3vyjys rz4wbd8a qt6c0cv9 a8nywdso i1ao9s8h esuyzwwr f1sip0of lzcic4wl q66pz984 gpro0wi8 b1v8xokw\" tabindex=\"0\" role=\"link\" href=\"https:\/\/www.facebook.com\/hashtag\/ldmnoticias?__eep__=6&amp;__cft__[0]=AZUjMp-a5APNLylQ4ETRWoGYsRz0x_lLeJk1D-QhmASvH8QY1VsBBi7L4gkWE7TS6MOQXMKCDn1-KeBHOx345v7b3cPe30H2joEzqCSJnsMVOODz14BZuAZ-a-3tyU29JMXGcxIRhqP3xQ4TpUyvvtuUvfxwBoD7uZ3uEBx_mgqafldwJ_jGkDROatgxB3tSG5I&amp;__tn__=*NK-R\">#LDMnoticias<\/a> <a class=\"oajrlxb2 g5ia77u1 qu0x051f esr5mh6w e9989ue4 r7d6kgcz rq0escxv nhd2j8a9 nc684nl6 p7hjln8o kvgmc6g5 cxmmr5t8 oygrvhab hcukyx3x jb3vyjys rz4wbd8a qt6c0cv9 a8nywdso i1ao9s8h esuyzwwr f1sip0of lzcic4wl q66pz984 gpro0wi8 b1v8xokw\" tabindex=\"0\" role=\"link\" href=\"https:\/\/www.facebook.com\/hashtag\/lodelmomentolojaldm?__eep__=6&amp;__cft__[0]=AZUjMp-a5APNLylQ4ETRWoGYsRz0x_lLeJk1D-QhmASvH8QY1VsBBi7L4gkWE7TS6MOQXMKCDn1-KeBHOx345v7b3cPe30H2joEzqCSJnsMVOODz14BZuAZ-a-3tyU29JMXGcxIRhqP3xQ4TpUyvvtuUvfxwBoD7uZ3uEBx_mgqafldwJ_jGkDROatgxB3tSG5I&amp;__tn__=*NK-R\">#lodelmomentolojaLDM<\/a><\/div>\n<\/div>\n","protected":false},"excerpt":{"rendered":"<p>#Mundo | Santiago de Chile volver\u00e1 a cuarentena total. Las autoridades sanitarias chilenas informaron que&#8230;<\/p>\n","protected":false},"author":1,"featured_media":4347,"comment_status":"open","ping_status":"open","sticky":false,"template":"","format":"standard","meta":{"footnotes":""},"categories":[1],"tags":[],"class_list":["post-4346","post","type-post","status-publish","format-standard","has-post-thumbnail","hentry","category-inicio"],"_links":{"self":[{"href":"https:\/\/www.lodelmomentoloja.com\/index.php?rest_route=\/wp\/v2\/posts\/4346"}],"collection":[{"href":"https:\/\/www.lodelmomentoloja.com\/index.php?rest_route=\/wp\/v2\/posts"}],"about":[{"href":"https:\/\/www.lodelmomentoloja.com\/index.php?rest_route=\/wp\/v2\/types\/post"}],"author":[{"embeddable":true,"href":"https:\/\/www.lodelmomentoloja.com\/index.php?rest_route=\/wp\/v2\/users\/1"}],"replies":[{"embeddable":true,"href":"https:\/\/www.lodelmomentoloja.com\/index.php?rest_route=%2Fwp%2Fv2%2Fcomments&post=4346"}],"version-history":[{"count":1,"href":"https:\/\/www.lodelmomentoloja.com\/index.php?rest_route=\/wp\/v2\/posts\/4346\/revisions"}],"predecessor-version":[{"id":4348,"href":"https:\/\/www.lodelmomentoloja.com\/index.php?rest_route=\/wp\/v2\/posts\/4346\/revisions\/4348"}],"wp:featuredmedia":[{"embeddable":true,"href":"https:\/\/www.lodelmomentoloja.com\/index.php?rest_route=\/wp\/v2\/media\/4347"}],"wp:attachment":[{"href":"https:\/\/www.lodelmomentoloja.com\/index.php?rest_route=%2Fwp%2Fv2%2Fmedia&parent=4346"}],"wp:term":[{"taxonomy":"category","embeddable":true,"href":"https:\/\/www.lodelmomentoloja.com\/index.php?rest_route=%2Fwp%2Fv2%2Fcategories&post=4346"},{"taxonomy":"post_tag","embeddable":true,"href":"https:\/\/www.lodelmomentoloja.com\/index.php?rest_route=%2Fwp%2Fv2%2Ftags&post=4346"}],"curies":[{"name":"wp","href":"https:\/\/api.w.org\/{rel}","templated":true}]}}