{"id":4325,"date":"2021-06-10T19:26:41","date_gmt":"2021-06-10T19:26:41","guid":{"rendered":"http:\/\/www.lodelmomentoloja.com\/?p=4325"},"modified":"2021-06-11T00:26:25","modified_gmt":"2021-06-11T00:26:25","slug":"se-suman-al-gobierno","status":"publish","type":"post","link":"https:\/\/www.lodelmomentoloja.com\/?p=4325","title":{"rendered":"Se suman al gobierno"},"content":{"rendered":"<div class=\"kvgmc6g5 cxmmr5t8 oygrvhab hcukyx3x c1et5uql ii04i59q\">\n<div dir=\"auto\"><a class=\"oajrlxb2 g5ia77u1 qu0x051f esr5mh6w e9989ue4 r7d6kgcz rq0escxv nhd2j8a9 nc684nl6 p7hjln8o kvgmc6g5 cxmmr5t8 oygrvhab hcukyx3x jb3vyjys rz4wbd8a qt6c0cv9 a8nywdso i1ao9s8h esuyzwwr f1sip0of lzcic4wl q66pz984 gpro0wi8 b1v8xokw\" tabindex=\"0\" role=\"link\" href=\"https:\/\/www.facebook.com\/hashtag\/ecuador?__eep__=6&amp;__cft__[0]=AZX0MJlwOG-uNOrtJRgypKzeS2YIj8y5_cE61RigDI18gcWm_N6RS4iHXATo3LzZ7ODur-QiCrKBzOz9npQWI7SKqQq76qV7GK9lXkXXJVum4u6GuToArYm5HZ9uUCqA-aL7T-bZ64VD4kyvxrQVPBJFPq45WZ1kyKOmj_APodMuQCpCxgrOV78WoZqrvCTL_f4&amp;__tn__=*NK-R\">#Ecuador<\/a> | Durante esta semana, el presidente Lasso ha designado nuevas autoridades de la Funci\u00f3n Legislativa y entre estos, est\u00e1n excandidatos pol\u00edticos, de los cuales se resaltan cuatro personajes:<\/div>\n<div dir=\"auto\"><\/div>\n<\/div>\n<div class=\"o9v6fnle cxmmr5t8 oygrvhab hcukyx3x c1et5uql ii04i59q\">\n<div dir=\"auto\"><span class=\"pq6dq46d tbxw36s4 knj5qynh kvgmc6g5 ditlmg2l oygrvhab nvdbi5me sf5mxxl7 gl3lb2sf hhz5lgdu\"><img loading=\"lazy\" decoding=\"async\" src=\"https:\/\/static.xx.fbcdn.net\/images\/emoji.php\/v9\/t33\/1\/16\/2705.png\" alt=\"\u2705\" width=\"16\" height=\"16\" \/><\/span> Jorge Madera, Presidente Directorio IESS.<\/div>\n<div dir=\"auto\"><span class=\"pq6dq46d tbxw36s4 knj5qynh kvgmc6g5 ditlmg2l oygrvhab nvdbi5me sf5mxxl7 gl3lb2sf hhz5lgdu\"><img loading=\"lazy\" decoding=\"async\" src=\"https:\/\/static.xx.fbcdn.net\/images\/emoji.php\/v9\/t33\/1\/16\/2705.png\" alt=\"\u2705\" width=\"16\" height=\"16\" \/><\/span> Mar\u00eda Jij\u00f3n, Directora del SERCOP.<\/div>\n<div dir=\"auto\"><span class=\"pq6dq46d tbxw36s4 knj5qynh kvgmc6g5 ditlmg2l oygrvhab nvdbi5me sf5mxxl7 gl3lb2sf hhz5lgdu\"><img loading=\"lazy\" decoding=\"async\" src=\"https:\/\/static.xx.fbcdn.net\/images\/emoji.php\/v9\/t33\/1\/16\/2705.png\" alt=\"\u2705\" width=\"16\" height=\"16\" \/><\/span> Guillermo Avell\u00e1n, Gerente del Banco Central.<\/div>\n<div dir=\"auto\"><span class=\"pq6dq46d tbxw36s4 knj5qynh kvgmc6g5 ditlmg2l oygrvhab nvdbi5me sf5mxxl7 gl3lb2sf hhz5lgdu\"><img loading=\"lazy\" decoding=\"async\" src=\"https:\/\/static.xx.fbcdn.net\/images\/emoji.php\/v9\/t33\/1\/16\/2705.png\" alt=\"\u2705\" width=\"16\" height=\"16\" \/><\/span> Jeannine Cruz, Representante de CORDICOM.<\/div>\n<div dir=\"auto\"><\/div>\n<\/div>\n<div class=\"o9v6fnle cxmmr5t8 oygrvhab hcukyx3x c1et5uql ii04i59q\">\n<div dir=\"auto\"><a class=\"oajrlxb2 g5ia77u1 qu0x051f esr5mh6w e9989ue4 r7d6kgcz rq0escxv nhd2j8a9 nc684nl6 p7hjln8o kvgmc6g5 cxmmr5t8 oygrvhab hcukyx3x jb3vyjys rz4wbd8a qt6c0cv9 a8nywdso i1ao9s8h esuyzwwr f1sip0of lzcic4wl py34i1dx gpro0wi8\" tabindex=\"0\" role=\"link\" href=\"https:\/\/l.facebook.com\/l.php?u=http%3A%2F%2Fwww.lodelmomentoloja.com%2F%3Ffbclid%3DIwAR0zT_YnNOEot0JWhgbHLpcO7M4OWEIhJkU7a3-v_9b7yqet69UNS-nr1KI&amp;h=AT0QdyShZlTQqzOabf345YseMj_RUwAKIp9nEcuTOG3pXTSzYFX4W9ceztXqlgbpsopBH7Q8atCyd6gW1qdmPGQil2g2OPTeEV1-lOZkRdIQ8d4-kZ9JiO8QOPbrZ8lV&amp;__tn__=-UK-R&amp;c[0]=AT27P0LSSZOa3cIfuTyMaB5TOzAY2kKHU1INbagQOHM5C95kX9z1sczolrWx38xOzyn7M_C56fns9JCGsXRj3o0rQOyw-LdjXB5yE977I5mM6ArJrOKhV35YVxH2GeS69WPmJABnqcvfjeX9ndfBtVEr94lNVNjGACMFc3UCmnuFATM4BiFT77MBn4XuKS-JMFuRXVU\" target=\"_blank\" rel=\"nofollow noopener\">www.lodelmomentoloja.com<\/a><\/div>\n<div dir=\"auto\"><a class=\"oajrlxb2 g5ia77u1 qu0x051f esr5mh6w e9989ue4 r7d6kgcz rq0escxv nhd2j8a9 nc684nl6 p7hjln8o kvgmc6g5 cxmmr5t8 oygrvhab hcukyx3x jb3vyjys rz4wbd8a qt6c0cv9 a8nywdso i1ao9s8h esuyzwwr f1sip0of lzcic4wl q66pz984 gpro0wi8 b1v8xokw\" tabindex=\"0\" role=\"link\" href=\"https:\/\/www.facebook.com\/hashtag\/ldmnoticias?__eep__=6&amp;__cft__[0]=AZX0MJlwOG-uNOrtJRgypKzeS2YIj8y5_cE61RigDI18gcWm_N6RS4iHXATo3LzZ7ODur-QiCrKBzOz9npQWI7SKqQq76qV7GK9lXkXXJVum4u6GuToArYm5HZ9uUCqA-aL7T-bZ64VD4kyvxrQVPBJFPq45WZ1kyKOmj_APodMuQCpCxgrOV78WoZqrvCTL_f4&amp;__tn__=*NK-R\">#LDMnoticias<\/a> <a class=\"oajrlxb2 g5ia77u1 qu0x051f esr5mh6w e9989ue4 r7d6kgcz rq0escxv nhd2j8a9 nc684nl6 p7hjln8o kvgmc6g5 cxmmr5t8 oygrvhab hcukyx3x jb3vyjys rz4wbd8a qt6c0cv9 a8nywdso i1ao9s8h esuyzwwr f1sip0of lzcic4wl q66pz984 gpro0wi8 b1v8xokw\" tabindex=\"0\" role=\"link\" href=\"https:\/\/www.facebook.com\/hashtag\/lodelmomentolojaldm?__eep__=6&amp;__cft__[0]=AZX0MJlwOG-uNOrtJRgypKzeS2YIj8y5_cE61RigDI18gcWm_N6RS4iHXATo3LzZ7ODur-QiCrKBzOz9npQWI7SKqQq76qV7GK9lXkXXJVum4u6GuToArYm5HZ9uUCqA-aL7T-bZ64VD4kyvxrQVPBJFPq45WZ1kyKOmj_APodMuQCpCxgrOV78WoZqrvCTL_f4&amp;__tn__=*NK-R\">#lodelmomentolojaLDM<\/a><\/div>\n<\/div>\n","protected":false},"excerpt":{"rendered":"<p>#Ecuador | Durante esta semana, el presidente Lasso ha designado nuevas autoridades de la Funci\u00f3n&#8230;<\/p>\n","protected":false},"author":1,"featured_media":4326,"comment_status":"open","ping_status":"open","sticky":false,"template":"","format":"standard","meta":{"footnotes":""},"categories":[1],"tags":[],"class_list":["post-4325","post","type-post","status-publish","format-standard","has-post-thumbnail","hentry","category-inicio"],"_links":{"self":[{"href":"https:\/\/www.lodelmomentoloja.com\/index.php?rest_route=\/wp\/v2\/posts\/4325"}],"collection":[{"href":"https:\/\/www.lodelmomentoloja.com\/index.php?rest_route=\/wp\/v2\/posts"}],"about":[{"href":"https:\/\/www.lodelmomentoloja.com\/index.php?rest_route=\/wp\/v2\/types\/post"}],"author":[{"embeddable":true,"href":"https:\/\/www.lodelmomentoloja.com\/index.php?rest_route=\/wp\/v2\/users\/1"}],"replies":[{"embeddable":true,"href":"https:\/\/www.lodelmomentoloja.com\/index.php?rest_route=%2Fwp%2Fv2%2Fcomments&post=4325"}],"version-history":[{"count":1,"href":"https:\/\/www.lodelmomentoloja.com\/index.php?rest_route=\/wp\/v2\/posts\/4325\/revisions"}],"predecessor-version":[{"id":4327,"href":"https:\/\/www.lodelmomentoloja.com\/index.php?rest_route=\/wp\/v2\/posts\/4325\/revisions\/4327"}],"wp:featuredmedia":[{"embeddable":true,"href":"https:\/\/www.lodelmomentoloja.com\/index.php?rest_route=\/wp\/v2\/media\/4326"}],"wp:attachment":[{"href":"https:\/\/www.lodelmomentoloja.com\/index.php?rest_route=%2Fwp%2Fv2%2Fmedia&parent=4325"}],"wp:term":[{"taxonomy":"category","embeddable":true,"href":"https:\/\/www.lodelmomentoloja.com\/index.php?rest_route=%2Fwp%2Fv2%2Fcategories&post=4325"},{"taxonomy":"post_tag","embeddable":true,"href":"https:\/\/www.lodelmomentoloja.com\/index.php?rest_route=%2Fwp%2Fv2%2Ftags&post=4325"}],"curies":[{"name":"wp","href":"https:\/\/api.w.org\/{rel}","templated":true}]}}