{"id":4318,"date":"2021-06-10T19:21:22","date_gmt":"2021-06-10T19:21:22","guid":{"rendered":"http:\/\/www.lodelmomentoloja.com\/?p=4318"},"modified":"2021-06-11T00:21:56","modified_gmt":"2021-06-11T00:21:56","slug":"salazar-seria-dada-de-baja-en-la-zonal-de-educacion","status":"publish","type":"post","link":"https:\/\/www.lodelmomentoloja.com\/?p=4318","title":{"rendered":"Salazar ser\u00eda dada de baja en la zonal de Educaci\u00f3n."},"content":{"rendered":"<div class=\"kvgmc6g5 cxmmr5t8 oygrvhab hcukyx3x c1et5uql ii04i59q\">\n<div dir=\"auto\"><a class=\"oajrlxb2 g5ia77u1 qu0x051f esr5mh6w e9989ue4 r7d6kgcz rq0escxv nhd2j8a9 nc684nl6 p7hjln8o kvgmc6g5 cxmmr5t8 oygrvhab hcukyx3x jb3vyjys rz4wbd8a qt6c0cv9 a8nywdso i1ao9s8h esuyzwwr f1sip0of lzcic4wl q66pz984 gpro0wi8 b1v8xokw\" tabindex=\"0\" role=\"link\" href=\"https:\/\/www.facebook.com\/hashtag\/loja?__eep__=6&amp;__cft__[0]=AZXtdLBxMix94Ugg3Gc2EkoWbG8coYCbTt4GHoA4Zg1gs-tLC829mwXzud-opz2VdkwQqLfer11WPDto9DaCyQURnRc_VdAUHK8QVvORfbbFOWdRV4FHfxdx0-5-bvfOri8ZGfu6Sdlf94aQObuJzt4ySWw9K_OX2zMTacY38YRPXM4F0_eR4GWj_tMFtXpNIm4&amp;__tn__=*NK-R\">#Loja<\/a> | Salazar ser\u00eda dada de baja en la zonal de Educaci\u00f3n.<\/div>\n<div dir=\"auto\"><\/div>\n<\/div>\n<div class=\"o9v6fnle cxmmr5t8 oygrvhab hcukyx3x c1et5uql ii04i59q\">\n<div dir=\"auto\">Al momento se conoce por fuentes cercanas que la Ministra Mar\u00eda Brown, le habr\u00eda pedido la renuncia de la Coordinaci\u00f3n Zonal 7 de Educaci\u00f3n a la Mgs. Magda Salazar, sin embargo la misma ocupar\u00eda este cargo hasta el fin de mes (30 de Junio del 2021).<\/div>\n<div dir=\"auto\"><\/div>\n<\/div>\n<div class=\"o9v6fnle cxmmr5t8 oygrvhab hcukyx3x c1et5uql ii04i59q\">\n<div dir=\"auto\">La decisi\u00f3n se habr\u00eda tomado, tras la pol\u00e9mica y rechazo generado por militantes del Movimiento CREO, acerca de la designaci\u00f3n de Salazar como Coordinadora Zonal.<\/div>\n<div dir=\"auto\"><\/div>\n<\/div>\n<div class=\"o9v6fnle cxmmr5t8 oygrvhab hcukyx3x c1et5uql ii04i59q\">\n<div dir=\"auto\">Fuente: Freddy Aponte.<\/div>\n<div dir=\"auto\"><\/div>\n<\/div>\n<div class=\"o9v6fnle cxmmr5t8 oygrvhab hcukyx3x c1et5uql ii04i59q\">\n<div dir=\"auto\"><a class=\"oajrlxb2 g5ia77u1 qu0x051f esr5mh6w e9989ue4 r7d6kgcz rq0escxv nhd2j8a9 nc684nl6 p7hjln8o kvgmc6g5 cxmmr5t8 oygrvhab hcukyx3x jb3vyjys rz4wbd8a qt6c0cv9 a8nywdso i1ao9s8h esuyzwwr f1sip0of lzcic4wl py34i1dx gpro0wi8\" tabindex=\"0\" role=\"link\" href=\"https:\/\/l.facebook.com\/l.php?u=http%3A%2F%2Fwww.lodelmomentoloja.com%2F%3Ffbclid%3DIwAR330WOXMtgCXdCmj7M14GftRilTwK07rJKETEvMTANdduWxru9dZRfUMFk&amp;h=AT0QdyShZlTQqzOabf345YseMj_RUwAKIp9nEcuTOG3pXTSzYFX4W9ceztXqlgbpsopBH7Q8atCyd6gW1qdmPGQil2g2OPTeEV1-lOZkRdIQ8d4-kZ9JiO8QOPbrZ8lV&amp;__tn__=-UK-R&amp;c[0]=AT2GbLh46RC-gXmChtjbXtn8bT5ZuYrDdbrRQdYCMulsT2s_o-zbFJVafS7banwh2VDSMW1Df9dXtHUeowIBsOYdIhgkLEHd-NCdR-2dceYIs09FVACmpsQWNPxUfp74mb3EEEasd6Yiq1bVg0Rs6NiIW4pS7i19uVwVecMvnL7oJ77atSEw9ZBIVsz9bX9gyPYaU8s\" target=\"_blank\" rel=\"nofollow noopener\">www.lodelmomentoloja.com<\/a><\/div>\n<div dir=\"auto\"><a class=\"oajrlxb2 g5ia77u1 qu0x051f esr5mh6w e9989ue4 r7d6kgcz rq0escxv nhd2j8a9 nc684nl6 p7hjln8o kvgmc6g5 cxmmr5t8 oygrvhab hcukyx3x jb3vyjys rz4wbd8a qt6c0cv9 a8nywdso i1ao9s8h esuyzwwr f1sip0of lzcic4wl q66pz984 gpro0wi8 b1v8xokw\" tabindex=\"0\" role=\"link\" href=\"https:\/\/www.facebook.com\/hashtag\/ldmnoticias?__eep__=6&amp;__cft__[0]=AZXtdLBxMix94Ugg3Gc2EkoWbG8coYCbTt4GHoA4Zg1gs-tLC829mwXzud-opz2VdkwQqLfer11WPDto9DaCyQURnRc_VdAUHK8QVvORfbbFOWdRV4FHfxdx0-5-bvfOri8ZGfu6Sdlf94aQObuJzt4ySWw9K_OX2zMTacY38YRPXM4F0_eR4GWj_tMFtXpNIm4&amp;__tn__=*NK-R\">#LDMnoticias<\/a> <a class=\"oajrlxb2 g5ia77u1 qu0x051f esr5mh6w e9989ue4 r7d6kgcz rq0escxv nhd2j8a9 nc684nl6 p7hjln8o kvgmc6g5 cxmmr5t8 oygrvhab hcukyx3x jb3vyjys rz4wbd8a qt6c0cv9 a8nywdso i1ao9s8h esuyzwwr f1sip0of lzcic4wl q66pz984 gpro0wi8 b1v8xokw\" tabindex=\"0\" role=\"link\" href=\"https:\/\/www.facebook.com\/hashtag\/lodelmomentolojaldm?__eep__=6&amp;__cft__[0]=AZXtdLBxMix94Ugg3Gc2EkoWbG8coYCbTt4GHoA4Zg1gs-tLC829mwXzud-opz2VdkwQqLfer11WPDto9DaCyQURnRc_VdAUHK8QVvORfbbFOWdRV4FHfxdx0-5-bvfOri8ZGfu6Sdlf94aQObuJzt4ySWw9K_OX2zMTacY38YRPXM4F0_eR4GWj_tMFtXpNIm4&amp;__tn__=*NK-R\">#lodelmomentolojaLDM<\/a><\/div>\n<\/div>\n","protected":false},"excerpt":{"rendered":"<p>#Loja | Salazar ser\u00eda dada de baja en la zonal de Educaci\u00f3n. Al momento se&#8230;<\/p>\n","protected":false},"author":1,"featured_media":4319,"comment_status":"open","ping_status":"open","sticky":false,"template":"","format":"standard","meta":{"footnotes":""},"categories":[1],"tags":[],"class_list":["post-4318","post","type-post","status-publish","format-standard","has-post-thumbnail","hentry","category-inicio"],"_links":{"self":[{"href":"https:\/\/www.lodelmomentoloja.com\/index.php?rest_route=\/wp\/v2\/posts\/4318"}],"collection":[{"href":"https:\/\/www.lodelmomentoloja.com\/index.php?rest_route=\/wp\/v2\/posts"}],"about":[{"href":"https:\/\/www.lodelmomentoloja.com\/index.php?rest_route=\/wp\/v2\/types\/post"}],"author":[{"embeddable":true,"href":"https:\/\/www.lodelmomentoloja.com\/index.php?rest_route=\/wp\/v2\/users\/1"}],"replies":[{"embeddable":true,"href":"https:\/\/www.lodelmomentoloja.com\/index.php?rest_route=%2Fwp%2Fv2%2Fcomments&post=4318"}],"version-history":[{"count":2,"href":"https:\/\/www.lodelmomentoloja.com\/index.php?rest_route=\/wp\/v2\/posts\/4318\/revisions"}],"predecessor-version":[{"id":4321,"href":"https:\/\/www.lodelmomentoloja.com\/index.php?rest_route=\/wp\/v2\/posts\/4318\/revisions\/4321"}],"wp:featuredmedia":[{"embeddable":true,"href":"https:\/\/www.lodelmomentoloja.com\/index.php?rest_route=\/wp\/v2\/media\/4319"}],"wp:attachment":[{"href":"https:\/\/www.lodelmomentoloja.com\/index.php?rest_route=%2Fwp%2Fv2%2Fmedia&parent=4318"}],"wp:term":[{"taxonomy":"category","embeddable":true,"href":"https:\/\/www.lodelmomentoloja.com\/index.php?rest_route=%2Fwp%2Fv2%2Fcategories&post=4318"},{"taxonomy":"post_tag","embeddable":true,"href":"https:\/\/www.lodelmomentoloja.com\/index.php?rest_route=%2Fwp%2Fv2%2Ftags&post=4318"}],"curies":[{"name":"wp","href":"https:\/\/api.w.org\/{rel}","templated":true}]}}