{"id":4313,"date":"2021-06-10T17:00:09","date_gmt":"2021-06-10T17:00:09","guid":{"rendered":"http:\/\/www.lodelmomentoloja.com\/?p=4313"},"modified":"2021-06-10T21:47:43","modified_gmt":"2021-06-10T21:47:43","slug":"iv-congreso-internacional-media-ecology-and-image-studies","status":"publish","type":"post","link":"https:\/\/www.lodelmomentoloja.com\/?p=4313","title":{"rendered":"\u201cIV Congreso Internacional Media Ecology and Image Studies\u201d."},"content":{"rendered":"<p>#Internacional | \u201cIV Congreso Internacional Media Ecology and Image Studies\u201d.<\/p>\n<p>La maestr\u00eda en Comunicaci\u00f3n menci\u00f3n Investigaci\u00f3n y Cultura Digital de la UTPL en colaboraci\u00f3n con la Universidad Estatal Paulista de Brasil desarrollar\u00e1n desde el 1 al 30 de noviembre del 2021 el \u201cIV Congreso Internacional Media Ecology and Image Studies\u201d que prev\u00e9 contar con m\u00e1s de 90 ponentes internacionales.<\/p>\n<p>El evento en el que participar\u00e1n instituciones educativas de 11 pa\u00edses, tendr\u00e1 como objetivo establecer di\u00e1logos y reflexiones entre los expertos, que consecuentemente formar\u00e1n parte de un libro digital sobre los temas m\u00e1s relevantes de la comunicaci\u00f3n del ecosistema medi\u00e1tico que est\u00e1 surgiendo tras la llegada de la pandemia.<\/p>\n<p>Otra particularidad de este congreso que tendr\u00e1 una duraci\u00f3n de un mes, es que ser\u00e1 100% virtual pues albergar\u00e1 a m\u00e1s de 90 ponentes profesionales seleccionados previamente, quienes interactuar\u00e1n desde todo el mundo por medio de 13 mesas, donde se abarcar\u00e1n temas como:<\/p>\n<p>\u2022 Arte y est\u00e9tica<br \/>\n\u2022 Educaci\u00f3n y Ecolog\u00eda de los Medios de comunicaci\u00f3n, la publicidad y el mercado<br \/>\n\u2022 Narrativas: fotogr\u00e1ficas e im\u00e1genes, transmedia y estructuras complejas<br \/>\n\u2022 Periodismo, tecnolog\u00eda y estudios intermedios<br \/>\n\u2022 Comunicaci\u00f3n, salud, accesibilidad y tecnolog\u00eda<br \/>\n\u2022 Estudios audiovisuales y televisivos<br \/>\n\u2022 Activismo medi\u00e1tico, inclusi\u00f3n, cultura, ciudadan\u00eda, democracia y justicia social<br \/>\n\u2022 Comunicaci\u00f3n, innovaci\u00f3n tecnol\u00f3gica y turismo inclusivo<br \/>\n\u2022 Medios de comunicaci\u00f3n y deporte<\/p>\n<p>El evento est\u00e1 dirigido a docentes investigadores, estudiantes de pregrado y maestrantes de las universidades ecuatorianas e internacionales, expertos de empresas en gesti\u00f3n de la comunicaci\u00f3n y p\u00fablico en general.<\/p>\n<p>www.lodelmomentoloja.com<br \/>\n#LDMnoticias #lodelmomentolojaLDM<\/p>\n","protected":false},"excerpt":{"rendered":"<p>#Internacional | \u201cIV Congreso Internacional Media Ecology and Image Studies\u201d. La maestr\u00eda en Comunicaci\u00f3n menci\u00f3n&#8230;<\/p>\n","protected":false},"author":1,"featured_media":4312,"comment_status":"open","ping_status":"open","sticky":false,"template":"","format":"standard","meta":{"footnotes":""},"categories":[1],"tags":[],"class_list":["post-4313","post","type-post","status-publish","format-standard","has-post-thumbnail","hentry","category-inicio"],"_links":{"self":[{"href":"https:\/\/www.lodelmomentoloja.com\/index.php?rest_route=\/wp\/v2\/posts\/4313"}],"collection":[{"href":"https:\/\/www.lodelmomentoloja.com\/index.php?rest_route=\/wp\/v2\/posts"}],"about":[{"href":"https:\/\/www.lodelmomentoloja.com\/index.php?rest_route=\/wp\/v2\/types\/post"}],"author":[{"embeddable":true,"href":"https:\/\/www.lodelmomentoloja.com\/index.php?rest_route=\/wp\/v2\/users\/1"}],"replies":[{"embeddable":true,"href":"https:\/\/www.lodelmomentoloja.com\/index.php?rest_route=%2Fwp%2Fv2%2Fcomments&post=4313"}],"version-history":[{"count":2,"href":"https:\/\/www.lodelmomentoloja.com\/index.php?rest_route=\/wp\/v2\/posts\/4313\/revisions"}],"predecessor-version":[{"id":4315,"href":"https:\/\/www.lodelmomentoloja.com\/index.php?rest_route=\/wp\/v2\/posts\/4313\/revisions\/4315"}],"wp:featuredmedia":[{"embeddable":true,"href":"https:\/\/www.lodelmomentoloja.com\/index.php?rest_route=\/wp\/v2\/media\/4312"}],"wp:attachment":[{"href":"https:\/\/www.lodelmomentoloja.com\/index.php?rest_route=%2Fwp%2Fv2%2Fmedia&parent=4313"}],"wp:term":[{"taxonomy":"category","embeddable":true,"href":"https:\/\/www.lodelmomentoloja.com\/index.php?rest_route=%2Fwp%2Fv2%2Fcategories&post=4313"},{"taxonomy":"post_tag","embeddable":true,"href":"https:\/\/www.lodelmomentoloja.com\/index.php?rest_route=%2Fwp%2Fv2%2Ftags&post=4313"}],"curies":[{"name":"wp","href":"https:\/\/api.w.org\/{rel}","templated":true}]}}