{"id":4301,"date":"2021-06-09T09:00:48","date_gmt":"2021-06-09T09:00:48","guid":{"rendered":"http:\/\/www.lodelmomentoloja.com\/?p=4301"},"modified":"2021-06-09T16:49:52","modified_gmt":"2021-06-09T16:49:52","slug":"dia-nacional-del-voto-femenino-en-ecuador","status":"publish","type":"post","link":"https:\/\/www.lodelmomentoloja.com\/?p=4301","title":{"rendered":"D\u00eda Nacional del Voto Femenino en Ecuador"},"content":{"rendered":"<div class=\"kvgmc6g5 cxmmr5t8 oygrvhab hcukyx3x c1et5uql ii04i59q\">\n<div dir=\"auto\"><a class=\"oajrlxb2 g5ia77u1 qu0x051f esr5mh6w e9989ue4 r7d6kgcz rq0escxv nhd2j8a9 nc684nl6 p7hjln8o kvgmc6g5 cxmmr5t8 oygrvhab hcukyx3x jb3vyjys rz4wbd8a qt6c0cv9 a8nywdso i1ao9s8h esuyzwwr f1sip0of lzcic4wl q66pz984 gpro0wi8 b1v8xokw\" tabindex=\"0\" role=\"link\" href=\"https:\/\/www.facebook.com\/hashtag\/internacional?__eep__=6&amp;__cft__[0]=AZW7cteFbqZYLE9o_5nESGitjubFHIrhjN2WF7CoqdSOvgvMvsi7BSQQ21wYYZqWVLEI05b4y_KVxnkUodNizrgtKvHCGDW-DNAj7tOQXuQn8waYdgn-R5oj8Ghm7rbZwQCfzSMst2EGnrZLTSJ7Rrxq9vrw4otOGvfzmJgQFB_9H-rjf9j7z289gSqjy1i_dmA&amp;__tn__=*NK-R\">#Internacional<\/a> | Ecuador celebra el primer D\u00eda Nacional del Voto Femenino.<\/p>\n<\/div>\n<\/div>\n<div class=\"o9v6fnle cxmmr5t8 oygrvhab hcukyx3x c1et5uql ii04i59q\">\n<div dir=\"auto\">Este 9 de junio, recordamos y honramos el legado de la primera latinoamericana en exigir su derecho al sufragio.<\/div>\n<\/div>\n<div class=\"o9v6fnle cxmmr5t8 oygrvhab hcukyx3x c1et5uql ii04i59q\">\n<div dir=\"auto\">Fue en 1924 cuando una joven lojana cambi\u00f3 el rumbo de la historia latinoamericana, al convertirse en la primera mujer de la regi\u00f3n que ejerci\u00f3 su derecho al voto luego de protestar firmemente porque las mujeres no eran tomadas en cuenta ni siguiera para sufragar, peor a\u00fan para ser representantes de alg\u00fan partido pol\u00edtico.<\/p>\n<\/div>\n<\/div>\n<div class=\"o9v6fnle cxmmr5t8 oygrvhab hcukyx3x c1et5uql ii04i59q\">\n<div dir=\"auto\">Matilde Hidalgo, es el nombre de la primera bachiller del Ecuador, primera m\u00e9dico, poetisa, activista y primera mujer ecuatoriana en ser electa dentro de una lid electoral.<\/div>\n<\/div>\n<div class=\"o9v6fnle cxmmr5t8 oygrvhab hcukyx3x c1et5uql ii04i59q\">\n<div dir=\"auto\"><a class=\"oajrlxb2 g5ia77u1 qu0x051f esr5mh6w e9989ue4 r7d6kgcz rq0escxv nhd2j8a9 nc684nl6 p7hjln8o kvgmc6g5 cxmmr5t8 oygrvhab hcukyx3x jb3vyjys rz4wbd8a qt6c0cv9 a8nywdso i1ao9s8h esuyzwwr f1sip0of lzcic4wl py34i1dx gpro0wi8\" tabindex=\"0\" role=\"link\" href=\"https:\/\/l.facebook.com\/l.php?u=http%3A%2F%2Fwww.lodelmomentoloja.com%2F%3Ffbclid%3DIwAR31iOP6fMhSNhRFWFCDoLPkMSRXr32rmw5sbo-AB7GmuJoT8ggDJPfwTkw&amp;h=AT04BfT49woMM2CFhk3O0M04wXR9faTw75HybE1F_3eLZU0FZbXUgp5DwvI_-hlu-V5_3iJelIUAxYqyPWnI6wSmx4IrodDs33aikfZmFQOSY3phfr_tNw3_ZDcuuKeg&amp;__tn__=-UK-R&amp;c[0]=AT3ZiTJzAa6BdE0GG7LQMQA6C2-qcCGZKkCr784Lz5-UZez63qkx7wlAYdIP-WLqVYD_-JRDsrf6h3EBXwUwjxgZjchdulrS2QZSQC-Xh4hcMqEt2aGAVLKu_toFqu9iwAcwdAnAPkBTCUIWRXZ45TPKc4hZhdW4ADJ9Ex5d7koeDdVRXiR3BcJLZ9fJ-76NPmEDt08\" target=\"_blank\" rel=\"nofollow noopener\">www.lodelmomentoloja.com<\/a><\/div>\n<div dir=\"auto\"><a class=\"oajrlxb2 g5ia77u1 qu0x051f esr5mh6w e9989ue4 r7d6kgcz rq0escxv nhd2j8a9 nc684nl6 p7hjln8o kvgmc6g5 cxmmr5t8 oygrvhab hcukyx3x jb3vyjys rz4wbd8a qt6c0cv9 a8nywdso i1ao9s8h esuyzwwr f1sip0of lzcic4wl q66pz984 gpro0wi8 b1v8xokw\" tabindex=\"0\" role=\"link\" href=\"https:\/\/www.facebook.com\/hashtag\/ldmnoticias?__eep__=6&amp;__cft__[0]=AZW7cteFbqZYLE9o_5nESGitjubFHIrhjN2WF7CoqdSOvgvMvsi7BSQQ21wYYZqWVLEI05b4y_KVxnkUodNizrgtKvHCGDW-DNAj7tOQXuQn8waYdgn-R5oj8Ghm7rbZwQCfzSMst2EGnrZLTSJ7Rrxq9vrw4otOGvfzmJgQFB_9H-rjf9j7z289gSqjy1i_dmA&amp;__tn__=*NK-R\">#LDMnoticias<\/a> <a class=\"oajrlxb2 g5ia77u1 qu0x051f esr5mh6w e9989ue4 r7d6kgcz rq0escxv nhd2j8a9 nc684nl6 p7hjln8o kvgmc6g5 cxmmr5t8 oygrvhab hcukyx3x jb3vyjys rz4wbd8a qt6c0cv9 a8nywdso i1ao9s8h esuyzwwr f1sip0of lzcic4wl q66pz984 gpro0wi8 b1v8xokw\" tabindex=\"0\" role=\"link\" href=\"https:\/\/www.facebook.com\/hashtag\/lodelmomentolojaldm?__eep__=6&amp;__cft__[0]=AZW7cteFbqZYLE9o_5nESGitjubFHIrhjN2WF7CoqdSOvgvMvsi7BSQQ21wYYZqWVLEI05b4y_KVxnkUodNizrgtKvHCGDW-DNAj7tOQXuQn8waYdgn-R5oj8Ghm7rbZwQCfzSMst2EGnrZLTSJ7Rrxq9vrw4otOGvfzmJgQFB_9H-rjf9j7z289gSqjy1i_dmA&amp;__tn__=*NK-R\">#lodelmomentolojaLDM<\/a><\/div>\n<\/div>\n","protected":false},"excerpt":{"rendered":"<p>#Internacional | Ecuador celebra el primer D\u00eda Nacional del Voto Femenino. Este 9 de junio,&#8230;<\/p>\n","protected":false},"author":1,"featured_media":4302,"comment_status":"open","ping_status":"open","sticky":false,"template":"","format":"standard","meta":{"footnotes":""},"categories":[1],"tags":[],"class_list":["post-4301","post","type-post","status-publish","format-standard","has-post-thumbnail","hentry","category-inicio"],"_links":{"self":[{"href":"https:\/\/www.lodelmomentoloja.com\/index.php?rest_route=\/wp\/v2\/posts\/4301"}],"collection":[{"href":"https:\/\/www.lodelmomentoloja.com\/index.php?rest_route=\/wp\/v2\/posts"}],"about":[{"href":"https:\/\/www.lodelmomentoloja.com\/index.php?rest_route=\/wp\/v2\/types\/post"}],"author":[{"embeddable":true,"href":"https:\/\/www.lodelmomentoloja.com\/index.php?rest_route=\/wp\/v2\/users\/1"}],"replies":[{"embeddable":true,"href":"https:\/\/www.lodelmomentoloja.com\/index.php?rest_route=%2Fwp%2Fv2%2Fcomments&post=4301"}],"version-history":[{"count":1,"href":"https:\/\/www.lodelmomentoloja.com\/index.php?rest_route=\/wp\/v2\/posts\/4301\/revisions"}],"predecessor-version":[{"id":4303,"href":"https:\/\/www.lodelmomentoloja.com\/index.php?rest_route=\/wp\/v2\/posts\/4301\/revisions\/4303"}],"wp:featuredmedia":[{"embeddable":true,"href":"https:\/\/www.lodelmomentoloja.com\/index.php?rest_route=\/wp\/v2\/media\/4302"}],"wp:attachment":[{"href":"https:\/\/www.lodelmomentoloja.com\/index.php?rest_route=%2Fwp%2Fv2%2Fmedia&parent=4301"}],"wp:term":[{"taxonomy":"category","embeddable":true,"href":"https:\/\/www.lodelmomentoloja.com\/index.php?rest_route=%2Fwp%2Fv2%2Fcategories&post=4301"},{"taxonomy":"post_tag","embeddable":true,"href":"https:\/\/www.lodelmomentoloja.com\/index.php?rest_route=%2Fwp%2Fv2%2Ftags&post=4301"}],"curies":[{"name":"wp","href":"https:\/\/api.w.org\/{rel}","templated":true}]}}