{"id":4226,"date":"2021-06-02T19:00:32","date_gmt":"2021-06-02T19:00:32","guid":{"rendered":"http:\/\/www.lodelmomentoloja.com\/?p=4226"},"modified":"2021-06-03T00:00:46","modified_gmt":"2021-06-03T00:00:46","slug":"vaticano-introduce-la-pedofilia","status":"publish","type":"post","link":"https:\/\/www.lodelmomentoloja.com\/?p=4226","title":{"rendered":"Vaticano introduce la pedofilia"},"content":{"rendered":"<div class=\"kvgmc6g5 cxmmr5t8 oygrvhab hcukyx3x c1et5uql ii04i59q\">\n<div dir=\"auto\"><a class=\"oajrlxb2 g5ia77u1 qu0x051f esr5mh6w e9989ue4 r7d6kgcz rq0escxv nhd2j8a9 nc684nl6 p7hjln8o kvgmc6g5 cxmmr5t8 oygrvhab hcukyx3x jb3vyjys rz4wbd8a qt6c0cv9 a8nywdso i1ao9s8h esuyzwwr f1sip0of lzcic4wl q66pz984 gpro0wi8 b1v8xokw\" tabindex=\"0\" role=\"link\" href=\"https:\/\/www.facebook.com\/hashtag\/internacional?__eep__=6&amp;__cft__[0]=AZW966iKjcr2VvtNopjjd89RbzKDOolBSzqeUj4Td2mEnHxAHWw2MCyzaJPCQ0APfK_Z8V3DZ8ou_Sq03KZHUCuAE6wzwee62jzMdgD2qNSG7PEbwN4MGFtxoFca7c4Pqp2H6T972XnLrMeOP6oM8Xf3qemBZCE_IUhAgV4im8EHHq_uKk-tnR3DlqFckYlZ4Fo&amp;__tn__=*NK-R\">#Internacional<\/a> | El papa Francisco decidi\u00f3 reformar el C\u00f3digo de Derecho Can\u00f3nico e introdujo un art\u00edculo que contempla la pedofilia y espec\u00edficamente los delitos de abusos contra menores cometidos por sacerdotes, una medida exigida por las v\u00edctimas y que endurece los castigos.<\/div>\n<div dir=\"auto\"><\/div>\n<\/div>\n<div class=\"o9v6fnle cxmmr5t8 oygrvhab hcukyx3x c1et5uql ii04i59q\">\n<div dir=\"auto\">El delito contra menores queda tipificado en la nueva versi\u00f3n del C\u00f3digo en un canon espec\u00edfico, seg\u00fan anunci\u00f3 este martes el Vaticano.<\/div>\n<div dir=\"auto\"><\/div>\n<\/div>\n<div class=\"o9v6fnle cxmmr5t8 oygrvhab hcukyx3x c1et5uql ii04i59q\">\n<div dir=\"auto\">Se trata de un paso m\u00e1s en la batalla del pont\u00edfice argentino contra los abusos sexuales de menores dentro de la Iglesia, un fen\u00f3meno que ha estado por d\u00e9cadas encubierto por la instituci\u00f3n.<\/div>\n<div dir=\"auto\"><\/div>\n<\/div>\n<div class=\"o9v6fnle cxmmr5t8 oygrvhab hcukyx3x c1et5uql ii04i59q\">\n<div dir=\"auto\">Seg\u00fan la reforma del C\u00f3digo de Derecho Can\u00f3nico anunciada por el Vaticano, se ampl\u00edan los periodos de prescripci\u00f3n y se indemniza a las v\u00edctimas.<\/div>\n<div dir=\"auto\"><\/div>\n<\/div>\n<div class=\"o9v6fnle cxmmr5t8 oygrvhab hcukyx3x c1et5uql ii04i59q\">\n<div dir=\"auto\">V\u00eda: El Universo<\/div>\n<div dir=\"auto\"><\/div>\n<\/div>\n<div class=\"o9v6fnle cxmmr5t8 oygrvhab hcukyx3x c1et5uql ii04i59q\">\n<div dir=\"auto\"><a class=\"oajrlxb2 g5ia77u1 qu0x051f esr5mh6w e9989ue4 r7d6kgcz rq0escxv nhd2j8a9 nc684nl6 p7hjln8o kvgmc6g5 cxmmr5t8 oygrvhab hcukyx3x jb3vyjys rz4wbd8a qt6c0cv9 a8nywdso i1ao9s8h esuyzwwr f1sip0of lzcic4wl py34i1dx gpro0wi8\" tabindex=\"0\" role=\"link\" href=\"https:\/\/l.facebook.com\/l.php?u=http%3A%2F%2Fwww.lodelmomentoloja.com%2F%3Ffbclid%3DIwAR3dxnobQvkA_IKGfuFKlgUu4wM2saoG4qXMlAmgjXiSkJO8aeQ034XQGGc&amp;h=AT1t-TPBzuYiF5NssdWhVIHtjHdlMWeONippzjkVaSLogwadXsiWG3JwC_IIVr-69MEqbko2rH2HeLA9mST4GY8gSp4KojGQasAtCZkW2ZS05HVK-RG5VZGBYi9ReRFr&amp;__tn__=-UK-R&amp;c[0]=AT3EuN1rzAIPLB3f3JqcE4w9bpJA35iK36JiqkWM2xv4t_uUiUjEl9EEygFiFZGUwlQzw7ogyV57g4-8EUFCmDz8Y5LCV-MK-P1W9nFT3mxZYTzu4Ycn9qNfsuQdoivYQ1-To9Zc4ZRDE8SNgwVXK5GMfjBgPKUHcVlcJ_ncr0BQDbONCXVpWCF3klOmhXcgDGFLONM\" target=\"_blank\" rel=\"nofollow noopener\">www.lodelmomentoloja.com<\/a><\/div>\n<div dir=\"auto\"><a class=\"oajrlxb2 g5ia77u1 qu0x051f esr5mh6w e9989ue4 r7d6kgcz rq0escxv nhd2j8a9 nc684nl6 p7hjln8o kvgmc6g5 cxmmr5t8 oygrvhab hcukyx3x jb3vyjys rz4wbd8a qt6c0cv9 a8nywdso i1ao9s8h esuyzwwr f1sip0of lzcic4wl q66pz984 gpro0wi8 b1v8xokw\" tabindex=\"0\" role=\"link\" href=\"https:\/\/www.facebook.com\/hashtag\/ldmnoticias?__eep__=6&amp;__cft__[0]=AZW966iKjcr2VvtNopjjd89RbzKDOolBSzqeUj4Td2mEnHxAHWw2MCyzaJPCQ0APfK_Z8V3DZ8ou_Sq03KZHUCuAE6wzwee62jzMdgD2qNSG7PEbwN4MGFtxoFca7c4Pqp2H6T972XnLrMeOP6oM8Xf3qemBZCE_IUhAgV4im8EHHq_uKk-tnR3DlqFckYlZ4Fo&amp;__tn__=*NK-R\">#LDMnoticias<\/a> <a class=\"oajrlxb2 g5ia77u1 qu0x051f esr5mh6w e9989ue4 r7d6kgcz rq0escxv nhd2j8a9 nc684nl6 p7hjln8o kvgmc6g5 cxmmr5t8 oygrvhab hcukyx3x jb3vyjys rz4wbd8a qt6c0cv9 a8nywdso i1ao9s8h esuyzwwr f1sip0of lzcic4wl q66pz984 gpro0wi8 b1v8xokw\" tabindex=\"0\" role=\"link\" href=\"https:\/\/www.facebook.com\/hashtag\/lodelmomentolojaldm?__eep__=6&amp;__cft__[0]=AZW966iKjcr2VvtNopjjd89RbzKDOolBSzqeUj4Td2mEnHxAHWw2MCyzaJPCQ0APfK_Z8V3DZ8ou_Sq03KZHUCuAE6wzwee62jzMdgD2qNSG7PEbwN4MGFtxoFca7c4Pqp2H6T972XnLrMeOP6oM8Xf3qemBZCE_IUhAgV4im8EHHq_uKk-tnR3DlqFckYlZ4Fo&amp;__tn__=*NK-R\">#lodelmomentolojaLDM<\/a><\/div>\n<\/div>\n","protected":false},"excerpt":{"rendered":"<p>#Internacional | El papa Francisco decidi\u00f3 reformar el C\u00f3digo de Derecho Can\u00f3nico e introdujo un&#8230;<\/p>\n","protected":false},"author":1,"featured_media":4227,"comment_status":"open","ping_status":"open","sticky":false,"template":"","format":"standard","meta":{"footnotes":""},"categories":[1],"tags":[],"class_list":["post-4226","post","type-post","status-publish","format-standard","has-post-thumbnail","hentry","category-inicio"],"_links":{"self":[{"href":"https:\/\/www.lodelmomentoloja.com\/index.php?rest_route=\/wp\/v2\/posts\/4226"}],"collection":[{"href":"https:\/\/www.lodelmomentoloja.com\/index.php?rest_route=\/wp\/v2\/posts"}],"about":[{"href":"https:\/\/www.lodelmomentoloja.com\/index.php?rest_route=\/wp\/v2\/types\/post"}],"author":[{"embeddable":true,"href":"https:\/\/www.lodelmomentoloja.com\/index.php?rest_route=\/wp\/v2\/users\/1"}],"replies":[{"embeddable":true,"href":"https:\/\/www.lodelmomentoloja.com\/index.php?rest_route=%2Fwp%2Fv2%2Fcomments&post=4226"}],"version-history":[{"count":1,"href":"https:\/\/www.lodelmomentoloja.com\/index.php?rest_route=\/wp\/v2\/posts\/4226\/revisions"}],"predecessor-version":[{"id":4228,"href":"https:\/\/www.lodelmomentoloja.com\/index.php?rest_route=\/wp\/v2\/posts\/4226\/revisions\/4228"}],"wp:featuredmedia":[{"embeddable":true,"href":"https:\/\/www.lodelmomentoloja.com\/index.php?rest_route=\/wp\/v2\/media\/4227"}],"wp:attachment":[{"href":"https:\/\/www.lodelmomentoloja.com\/index.php?rest_route=%2Fwp%2Fv2%2Fmedia&parent=4226"}],"wp:term":[{"taxonomy":"category","embeddable":true,"href":"https:\/\/www.lodelmomentoloja.com\/index.php?rest_route=%2Fwp%2Fv2%2Fcategories&post=4226"},{"taxonomy":"post_tag","embeddable":true,"href":"https:\/\/www.lodelmomentoloja.com\/index.php?rest_route=%2Fwp%2Fv2%2Ftags&post=4226"}],"curies":[{"name":"wp","href":"https:\/\/api.w.org\/{rel}","templated":true}]}}