{"id":4222,"date":"2021-06-02T18:58:15","date_gmt":"2021-06-02T18:58:15","guid":{"rendered":"http:\/\/www.lodelmomentoloja.com\/?p=4222"},"modified":"2021-06-02T23:59:09","modified_gmt":"2021-06-02T23:59:09","slug":"congreso-crisis-y-migracion","status":"publish","type":"post","link":"https:\/\/www.lodelmomentoloja.com\/?p=4222","title":{"rendered":"Congreso &#8220;Crisis y Migraci\u00f3n&#8221;"},"content":{"rendered":"<div class=\"kvgmc6g5 cxmmr5t8 oygrvhab hcukyx3x c1et5uql ii04i59q\">\n<div dir=\"auto\"><a class=\"oajrlxb2 g5ia77u1 qu0x051f esr5mh6w e9989ue4 r7d6kgcz rq0escxv nhd2j8a9 nc684nl6 p7hjln8o kvgmc6g5 cxmmr5t8 oygrvhab hcukyx3x jb3vyjys rz4wbd8a qt6c0cv9 a8nywdso i1ao9s8h esuyzwwr f1sip0of lzcic4wl q66pz984 gpro0wi8 b1v8xokw\" tabindex=\"0\" role=\"link\" href=\"https:\/\/www.facebook.com\/hashtag\/internacional?__eep__=6&amp;__cft__[0]=AZWeBOUuC2zw1rhHVs1U0pW_CUsMlGMNxnzlO9UhuUNEZ41mnJjCRUInFKN8fxlGlkgtSaHY0yvxeAJ-dEAeGvLMwaJkuHVQwsW2f-p0ezjRmN6TLdkry2IV9atyupOa8v1d8L2QHUgoUJl9ufk-xXQtkHncSKoFqIF6BkDnTlCcOXaKD6g7pwYgYWurG2O7CIY&amp;__tn__=*NK-R\">#Internacional<\/a> | Presentan congreso internacional sobre \u201cCrisis y Migraci\u00f3n\u201d<\/div>\n<div dir=\"auto\"><\/div>\n<\/div>\n<div class=\"o9v6fnle cxmmr5t8 oygrvhab hcukyx3x c1et5uql ii04i59q\">\n<div dir=\"auto\">Los efectos que genera la migraci\u00f3n son diversos y para estudiarlos, la Universidad T\u00e9cnica Particular de Loja (UTPL) por medio de la Facultad de Ciencias Econ\u00f3micas y Empresariales y el Fondo \u00cdtalo Ecuatoriano para el Desarrollo Sostenible (FIEDS), organizan el primer Congreso Internacional \u201cCrisis y Migraci\u00f3n\u201d, que se desarrollar\u00e1 en formato virtual y gratuito, el 7 y 8 de julio de 2021.<\/div>\n<div dir=\"auto\"><\/div>\n<\/div>\n<div class=\"o9v6fnle cxmmr5t8 oygrvhab hcukyx3x c1et5uql ii04i59q\">\n<div dir=\"auto\">Hoy 2 de junio de 2021, en una rueda de prensa, se present\u00f3 de forma oficial el congreso que tiene como finalidad propiciar el debate acad\u00e9mico y reflexi\u00f3n entre expertos y participantes sobre la migraci\u00f3n y su incidencia social. A trav\u00e9s de conferencias magistrales, mesas tem\u00e1ticas, concursos de ensayos, presentaci\u00f3n de investigaciones y m\u00e1s, los asistentes podr\u00e1n aprender y realizar aportes sobre la tem\u00e1tica.<\/div>\n<div dir=\"auto\"><\/div>\n<\/div>\n<div class=\"o9v6fnle cxmmr5t8 oygrvhab hcukyx3x c1et5uql ii04i59q\">\n<div dir=\"auto\">Leonardo Izquierdo, decano de la facultad de ciencias econ\u00f3micas y empresariales de la UTPL, indic\u00f3 que este espacio acad\u00e9mico permitir\u00e1 hablar de migraci\u00f3n y aprender sobre tolerancia y reivindicaci\u00f3n de derechos. \u201cEntender lo que significa la incidencia social dentro de estas din\u00e1micas es elemental y valioso para nuestra sociedad\u201d, acot\u00f3.<\/div>\n<div dir=\"auto\"><\/div>\n<\/div>\n<div class=\"o9v6fnle cxmmr5t8 oygrvhab hcukyx3x c1et5uql ii04i59q\">\n<div dir=\"auto\"><a class=\"oajrlxb2 g5ia77u1 qu0x051f esr5mh6w e9989ue4 r7d6kgcz rq0escxv nhd2j8a9 nc684nl6 p7hjln8o kvgmc6g5 cxmmr5t8 oygrvhab hcukyx3x jb3vyjys rz4wbd8a qt6c0cv9 a8nywdso i1ao9s8h esuyzwwr f1sip0of lzcic4wl py34i1dx gpro0wi8\" tabindex=\"0\" role=\"link\" href=\"https:\/\/l.facebook.com\/l.php?u=http%3A%2F%2Fwww.lodelmomentoloja.com%2F%3Ffbclid%3DIwAR1rvU06TBEGGuSG_x41T5ghhLs1viE4HOXNo25cq7-N4jE20W6Y9LKp1hc&amp;h=AT1t-TPBzuYiF5NssdWhVIHtjHdlMWeONippzjkVaSLogwadXsiWG3JwC_IIVr-69MEqbko2rH2HeLA9mST4GY8gSp4KojGQasAtCZkW2ZS05HVK-RG5VZGBYi9ReRFr&amp;__tn__=-UK-R&amp;c[0]=AT0PSj9_0uTw9IQwCiAGsGN4XX-TEwO5X7ReKQ8m9X-hTuznS9urkFzM5G3VhCn-C9d9FIC7OYAX8CpKc9L_8l-Nqx6pbZ6_8T8qLL0duevCVodH3_Ekr6CIbSikn89pehR_2AgRrJguLCxMWM3BchmViXo2uKnTbs6I1REu1WL94BEDtdhrjE5oQLI8epiPjqNgVno\" target=\"_blank\" rel=\"nofollow noopener\">www.lodelmomentoloja.com<\/a><\/div>\n<div dir=\"auto\"><a class=\"oajrlxb2 g5ia77u1 qu0x051f esr5mh6w e9989ue4 r7d6kgcz rq0escxv nhd2j8a9 nc684nl6 p7hjln8o kvgmc6g5 cxmmr5t8 oygrvhab hcukyx3x jb3vyjys rz4wbd8a qt6c0cv9 a8nywdso i1ao9s8h esuyzwwr f1sip0of lzcic4wl q66pz984 gpro0wi8 b1v8xokw\" tabindex=\"0\" role=\"link\" href=\"https:\/\/www.facebook.com\/hashtag\/ldmnoticias?__eep__=6&amp;__cft__[0]=AZWeBOUuC2zw1rhHVs1U0pW_CUsMlGMNxnzlO9UhuUNEZ41mnJjCRUInFKN8fxlGlkgtSaHY0yvxeAJ-dEAeGvLMwaJkuHVQwsW2f-p0ezjRmN6TLdkry2IV9atyupOa8v1d8L2QHUgoUJl9ufk-xXQtkHncSKoFqIF6BkDnTlCcOXaKD6g7pwYgYWurG2O7CIY&amp;__tn__=*NK-R\">#LDMnoticias<\/a> <a class=\"oajrlxb2 g5ia77u1 qu0x051f esr5mh6w e9989ue4 r7d6kgcz rq0escxv nhd2j8a9 nc684nl6 p7hjln8o kvgmc6g5 cxmmr5t8 oygrvhab hcukyx3x jb3vyjys rz4wbd8a qt6c0cv9 a8nywdso i1ao9s8h esuyzwwr f1sip0of lzcic4wl q66pz984 gpro0wi8 b1v8xokw\" tabindex=\"0\" role=\"link\" href=\"https:\/\/www.facebook.com\/hashtag\/lodelmomentolojaldm?__eep__=6&amp;__cft__[0]=AZWeBOUuC2zw1rhHVs1U0pW_CUsMlGMNxnzlO9UhuUNEZ41mnJjCRUInFKN8fxlGlkgtSaHY0yvxeAJ-dEAeGvLMwaJkuHVQwsW2f-p0ezjRmN6TLdkry2IV9atyupOa8v1d8L2QHUgoUJl9ufk-xXQtkHncSKoFqIF6BkDnTlCcOXaKD6g7pwYgYWurG2O7CIY&amp;__tn__=*NK-R\">#lodelmomentolojaLDM<\/a><\/div>\n<\/div>\n","protected":false},"excerpt":{"rendered":"<p>#Internacional | Presentan congreso internacional sobre \u201cCrisis y Migraci\u00f3n\u201d Los efectos que genera la migraci\u00f3n&#8230;<\/p>\n","protected":false},"author":1,"featured_media":4223,"comment_status":"open","ping_status":"open","sticky":false,"template":"","format":"standard","meta":{"footnotes":""},"categories":[1],"tags":[],"class_list":["post-4222","post","type-post","status-publish","format-standard","has-post-thumbnail","hentry","category-inicio"],"_links":{"self":[{"href":"https:\/\/www.lodelmomentoloja.com\/index.php?rest_route=\/wp\/v2\/posts\/4222"}],"collection":[{"href":"https:\/\/www.lodelmomentoloja.com\/index.php?rest_route=\/wp\/v2\/posts"}],"about":[{"href":"https:\/\/www.lodelmomentoloja.com\/index.php?rest_route=\/wp\/v2\/types\/post"}],"author":[{"embeddable":true,"href":"https:\/\/www.lodelmomentoloja.com\/index.php?rest_route=\/wp\/v2\/users\/1"}],"replies":[{"embeddable":true,"href":"https:\/\/www.lodelmomentoloja.com\/index.php?rest_route=%2Fwp%2Fv2%2Fcomments&post=4222"}],"version-history":[{"count":2,"href":"https:\/\/www.lodelmomentoloja.com\/index.php?rest_route=\/wp\/v2\/posts\/4222\/revisions"}],"predecessor-version":[{"id":4225,"href":"https:\/\/www.lodelmomentoloja.com\/index.php?rest_route=\/wp\/v2\/posts\/4222\/revisions\/4225"}],"wp:featuredmedia":[{"embeddable":true,"href":"https:\/\/www.lodelmomentoloja.com\/index.php?rest_route=\/wp\/v2\/media\/4223"}],"wp:attachment":[{"href":"https:\/\/www.lodelmomentoloja.com\/index.php?rest_route=%2Fwp%2Fv2%2Fmedia&parent=4222"}],"wp:term":[{"taxonomy":"category","embeddable":true,"href":"https:\/\/www.lodelmomentoloja.com\/index.php?rest_route=%2Fwp%2Fv2%2Fcategories&post=4222"},{"taxonomy":"post_tag","embeddable":true,"href":"https:\/\/www.lodelmomentoloja.com\/index.php?rest_route=%2Fwp%2Fv2%2Ftags&post=4222"}],"curies":[{"name":"wp","href":"https:\/\/api.w.org\/{rel}","templated":true}]}}