{"id":4166,"date":"2021-05-27T10:20:18","date_gmt":"2021-05-27T10:20:18","guid":{"rendered":"http:\/\/www.lodelmomentoloja.com\/?p=4166"},"modified":"2021-05-27T15:25:43","modified_gmt":"2021-05-27T15:25:43","slug":"renuncia-el-ministro-de-amazonia","status":"publish","type":"post","link":"https:\/\/www.lodelmomentoloja.com\/?p=4166","title":{"rendered":"Renuncia el Ministro de Amazon\u00eda."},"content":{"rendered":"<p>#Ecuador | El Ministro de la Amazon\u00eda renunci\u00f3 con tres d\u00edas al cargo.<\/p>\n<p>El Dr. Julio C\u00e9sar Ruiz, oriundo de la provincia de Loja, fue designado hace tres d\u00edas como el Ministro de la Amazon\u00eda por parte del presidente Guillermo Lasso, pero este renunci\u00f3 al cargo ante las cr\u00edticas de ciudadanos y autoridades que argumentan no cumple la residencia exigida para el cargo.<\/p>\n<p>\u00bfC\u00f3mo se despide Julio Ru\u00edz?<\/p>\n<p>&#8220;Mi designaci\u00f3n como delegado del Presidente a la Secretar\u00eda T\u00e9cnica de la Amazon\u00eda la acog\u00ed con mucha alegr\u00eda y responsabilidad, mi deseo siempre fue aportar con mis conocimientos y capacidad para esta hermosa tierra que me ha acogido y en la cual he hecho grandes amigos en muchas comunidades de las seis provincias.<\/p>\n<p>Agradezco todas las muestras de respaldo recibidas por cientos de personas y rechazo enf\u00e1ticamente la tarea insana en la que personas inmorales hasta han llegado a utilizar fotograf\u00edas junto a mis hijos para recibir diversos insultos por mi origen Lojano, rechazo la llamada de insulto, rechazo las acciones de indagar y divulgar mi vida muy \u00edntima&#8230; eso no refleja el enorme valor de todos los amaz\u00f3nicos y siempre guardar\u00e9 en mi coraz\u00f3n todas las amables llamadas, mensajes de apoyo, las felicitaciones y la alegr\u00eda de las personas de este hermoso lugar con quienes he trabajado durante a\u00f1os, so\u00f1ando su desarrollo econ\u00f3mico y productivo.<\/p>\n<p>La Amazon\u00eda ha sido mi segundo hogar donde he realizado importantes negocios, he hecho grandes amigos y he realizado actividad pol\u00edtica, no dudo de su potencial y la calidad humana de sus habitantes, siempre cuentan conmigo, hay tanto por hacer y lograr. Soy un hombre de principios y creo firmemente en el estricto apego y respeto a la ley y sobre todo, a las normas morales y \u00e9ticas.<\/p>\n<p>Informo que hoy pongo mi renuncia a la delegaci\u00f3n encomendada por nuestro Presidente, no sin antes agradecerle por la confianza que siempre me ha brindado y ratificar mi compromiso de servicio a la colectividad desde cualquier lugar en el que me encuentre&#8221;, dijo.<\/p>\n<p>#LDMnoticias #lodelmomentolojaLDM<br \/>\nwww.lodelmomentoloja.com<\/p>\n","protected":false},"excerpt":{"rendered":"<p>#Ecuador | El Ministro de la Amazon\u00eda renunci\u00f3 con tres d\u00edas al cargo. El Dr&#8230;.<\/p>\n","protected":false},"author":1,"featured_media":4167,"comment_status":"open","ping_status":"open","sticky":false,"template":"","format":"standard","meta":{"footnotes":""},"categories":[1],"tags":[],"class_list":["post-4166","post","type-post","status-publish","format-standard","has-post-thumbnail","hentry","category-inicio"],"_links":{"self":[{"href":"https:\/\/www.lodelmomentoloja.com\/index.php?rest_route=\/wp\/v2\/posts\/4166"}],"collection":[{"href":"https:\/\/www.lodelmomentoloja.com\/index.php?rest_route=\/wp\/v2\/posts"}],"about":[{"href":"https:\/\/www.lodelmomentoloja.com\/index.php?rest_route=\/wp\/v2\/types\/post"}],"author":[{"embeddable":true,"href":"https:\/\/www.lodelmomentoloja.com\/index.php?rest_route=\/wp\/v2\/users\/1"}],"replies":[{"embeddable":true,"href":"https:\/\/www.lodelmomentoloja.com\/index.php?rest_route=%2Fwp%2Fv2%2Fcomments&post=4166"}],"version-history":[{"count":1,"href":"https:\/\/www.lodelmomentoloja.com\/index.php?rest_route=\/wp\/v2\/posts\/4166\/revisions"}],"predecessor-version":[{"id":4168,"href":"https:\/\/www.lodelmomentoloja.com\/index.php?rest_route=\/wp\/v2\/posts\/4166\/revisions\/4168"}],"wp:featuredmedia":[{"embeddable":true,"href":"https:\/\/www.lodelmomentoloja.com\/index.php?rest_route=\/wp\/v2\/media\/4167"}],"wp:attachment":[{"href":"https:\/\/www.lodelmomentoloja.com\/index.php?rest_route=%2Fwp%2Fv2%2Fmedia&parent=4166"}],"wp:term":[{"taxonomy":"category","embeddable":true,"href":"https:\/\/www.lodelmomentoloja.com\/index.php?rest_route=%2Fwp%2Fv2%2Fcategories&post=4166"},{"taxonomy":"post_tag","embeddable":true,"href":"https:\/\/www.lodelmomentoloja.com\/index.php?rest_route=%2Fwp%2Fv2%2Ftags&post=4166"}],"curies":[{"name":"wp","href":"https:\/\/api.w.org\/{rel}","templated":true}]}}