{"id":4089,"date":"2021-05-21T13:00:06","date_gmt":"2021-05-21T13:00:06","guid":{"rendered":"http:\/\/www.lodelmomentoloja.com\/?p=4089"},"modified":"2021-05-22T00:09:27","modified_gmt":"2021-05-22T00:09:27","slug":"en-ecuador-fallece-primer-paciente-con-covid-sudafricana","status":"publish","type":"post","link":"https:\/\/www.lodelmomentoloja.com\/?p=4089","title":{"rendered":"En Ecuador, fallece primer paciente con covid sudafricana"},"content":{"rendered":"<p>#Ecuador | El Ministerio de Salud P\u00fablica (MSP) inform\u00f3 que la paciente con la variante de Sud\u00e1frica (501Y. V2) falleci\u00f3 la ma\u00f1ana de este viernes 21 de mayo del 2021, en el Hospital General Provincial Luis D\u00e1vila, en Tulc\u00e1n (Carchi).<\/p>\n<p>La mujer present\u00f3 un cuadro de neumon\u00eda comunitaria asociada a la covid-19, paro cardiorrespiratorio e insuficiencia hep\u00e1tica, lo que complic\u00f3 su estado de salud, precis\u00f3 la Cartera del ramo.<\/p>\n<p>Anoche, la Cartera report\u00f3 este caso, que fue secuenciado en el Instituto de Microbiolog\u00eda de la Universidad San Francisco de Quito (USFQ).<\/p>\n<p>Desde enero hasta mayo del 2021, adem\u00e1s en el pa\u00eds se han reportado 132 casos correspondientes a cuatro variantes: 53 son de la de Reino Unido; 10 de la de Brasil; 59 de la de Nueva York; y 10 de la de Per\u00fa y Chile.<\/p>\n<p>Fuente: El Comercio<\/p>\n<p>www.lodelmomentoloja.com<br \/>\n#LDMnoticias #lodelmomentolojaLDM<\/p>\n","protected":false},"excerpt":{"rendered":"<p>#Ecuador | El Ministerio de Salud P\u00fablica (MSP) inform\u00f3 que la paciente con la variante&#8230;<\/p>\n","protected":false},"author":1,"featured_media":4090,"comment_status":"open","ping_status":"open","sticky":false,"template":"","format":"standard","meta":{"footnotes":""},"categories":[1],"tags":[],"class_list":["post-4089","post","type-post","status-publish","format-standard","has-post-thumbnail","hentry","category-inicio"],"_links":{"self":[{"href":"https:\/\/www.lodelmomentoloja.com\/index.php?rest_route=\/wp\/v2\/posts\/4089"}],"collection":[{"href":"https:\/\/www.lodelmomentoloja.com\/index.php?rest_route=\/wp\/v2\/posts"}],"about":[{"href":"https:\/\/www.lodelmomentoloja.com\/index.php?rest_route=\/wp\/v2\/types\/post"}],"author":[{"embeddable":true,"href":"https:\/\/www.lodelmomentoloja.com\/index.php?rest_route=\/wp\/v2\/users\/1"}],"replies":[{"embeddable":true,"href":"https:\/\/www.lodelmomentoloja.com\/index.php?rest_route=%2Fwp%2Fv2%2Fcomments&post=4089"}],"version-history":[{"count":1,"href":"https:\/\/www.lodelmomentoloja.com\/index.php?rest_route=\/wp\/v2\/posts\/4089\/revisions"}],"predecessor-version":[{"id":4091,"href":"https:\/\/www.lodelmomentoloja.com\/index.php?rest_route=\/wp\/v2\/posts\/4089\/revisions\/4091"}],"wp:featuredmedia":[{"embeddable":true,"href":"https:\/\/www.lodelmomentoloja.com\/index.php?rest_route=\/wp\/v2\/media\/4090"}],"wp:attachment":[{"href":"https:\/\/www.lodelmomentoloja.com\/index.php?rest_route=%2Fwp%2Fv2%2Fmedia&parent=4089"}],"wp:term":[{"taxonomy":"category","embeddable":true,"href":"https:\/\/www.lodelmomentoloja.com\/index.php?rest_route=%2Fwp%2Fv2%2Fcategories&post=4089"},{"taxonomy":"post_tag","embeddable":true,"href":"https:\/\/www.lodelmomentoloja.com\/index.php?rest_route=%2Fwp%2Fv2%2Ftags&post=4089"}],"curies":[{"name":"wp","href":"https:\/\/api.w.org\/{rel}","templated":true}]}}