{"id":4071,"date":"2021-05-20T15:50:35","date_gmt":"2021-05-20T15:50:35","guid":{"rendered":"http:\/\/www.lodelmomentoloja.com\/?p=4071"},"modified":"2021-05-20T20:58:51","modified_gmt":"2021-05-20T20:58:51","slug":"comisiones-de-la-asamblea","status":"publish","type":"post","link":"https:\/\/www.lodelmomentoloja.com\/?p=4071","title":{"rendered":"Comisiones de la Asamblea"},"content":{"rendered":"<p>#Ecuador | En la asamblea la tercera fue la vencida.<\/p>\n<p>La sesi\u00f3n 708 se reinstal\u00f3 este 20 de mayo con la presencia de 137 legisladores, dicha sesi\u00f3n se llev\u00f3 a cabo con un poco m\u00e1s de una hora de retraso, en la b\u00fasqueda de consensos.<\/p>\n<p>El asamble\u00edsta\u00a0Darwin Pereira de Pachakutik (PK)\u00a0present\u00f3 la moci\u00f3n\u00a0con respecto a las 15 comisiones especializadas permanentes y el Comit\u00e9 de \u00c9tica, mismas que tuvieron la siguiente votaci\u00f3n:<\/p>\n<p>&#8211; 70 votos a favor.<br \/>\n&#8211; 04 en contra,<br \/>\n&#8211; 01 en blanco.<br \/>\n&#8211; 62 abstenciones.<\/p>\n<p>Despu\u00e9s de esta votaci\u00f3n, la asamble\u00edsta Wilma Andrade, de la\u00a0Izquierda Democr\u00e1tica (ID), solicit\u00f3 la reconsideraci\u00f3n. Los votos fueron: 64 votos afirmativos, 70 votos negativos, 0 votos en blanco y 03 abstenciones.<\/p>\n<p>Con lo que no se aprob\u00f3 la reconsideraci\u00f3n y qued\u00f3 en firme la integraci\u00f3n de las comisiones especializadas permanentes.<\/p>\n<p>Las 15 comisiones quedaron integradas de la siguiente manera:<\/p>\n<p><strong>Fiscalizaci\u00f3n y Control Pol\u00edtico<\/strong><\/p>\n<p>Fernando Villavicencio (IND)<br \/>\nC\u00e9sar Monge (Creo)<br \/>\nMarco Troya (IND)<br \/>\nBruno Segovia (Pachakutik)<br \/>\nPedro Velasco (IND)<br \/>\nSoledad Diab (PSC)<br \/>\nRoberto Medina Cuero (UNES)<br \/>\nMar\u00eda Molina (UNES)<br \/>\nPascasio C\u00f3rdova (UNES)<\/p>\n<p><strong>Justicia y Estructura del Estado<\/strong><\/p>\n<p>Alejandro Jaramillo (ID)<br \/>\nDina Farinango (Pachakutik)<br \/>\nJhoana Moreira (ID)<br \/>\nRicardo Vanegas (Pachakutik)<br \/>\nSegundo Chimbo (Pachakutik)<br \/>\nDalton Bacigalupo (ID)<br \/>\nJhajaira Urresta (UNES)<br \/>\nFausto Jarr\u00edn (UNES)<br \/>\nSofia Esp\u00edn (UNES)<br \/>\nJos\u00e9 Agualsaca (UNES)<\/p>\n<p><strong>Derecho al Trabajo y la Seguridad Social<\/strong><\/p>\n<p>Rina Campain (Creo)<br \/>\nLuis Marcillo (ID)<br \/>\nOmar Cevallos (Pachakutik)<br \/>\nEckenner Recalde (ID)<br \/>\nLuis Almeida (PSC)<br \/>\nSalvador Quishpe (Pachakutik)<br \/>\nMarcela Holgu\u00edn (UNES)<br \/>\nJhoana Ortiz (UNES)<br \/>\nPamela Aguirre (UNES)<\/p>\n<p><strong>R\u00e9gimen Econ\u00f3mico y Tributario y su Regulaci\u00f3n y Control<\/strong><\/p>\n<p>Diego Ord\u00f3\u00f1ez (Creo)<br \/>\nMirella Pazmi\u00f1o (Pachakutik)<br \/>\nGuido Chiriboga (Creo)<br \/>\nJhonny Ter\u00e1n (PSC)<br \/>\nByron Maldonado (Creo)<br \/>\nEithel Zambrano (ID)<br \/>\nPabel Mu\u00f1oz (UNES)<br \/>\nAna Herrera (UNES)<br \/>\nLuna Blasco (UNES)<\/p>\n<p><strong>Desarrollo Econ\u00f3mico,\u00a0Productivo y la Microempresa<\/strong><\/p>\n<p>Daniel Noboa (IND)<br \/>\nWilma Andrade (ID)<br \/>\nFrancisco Jim\u00e9nez (Creo)<br \/>\nC\u00e9sar Rohon (exPSC)<br \/>\nNathalie Arias (Creo)<br \/>\nChristian Yucailla (Pachakutik)<br \/>\nMarcelo Cabrera (IND)<br \/>\nJhon Vinueza (IND)<br \/>\nCarlos Zambrano (UNES)<\/p>\n<p><strong>Relaciones Internacionales y Movilidad Humana<\/strong><\/p>\n<p>Juan Fernando Flores (Creo)<br \/>\nJessica Castillo (Pachakutik)<br \/>\nPatricio Cervantes (Creo)<br \/>\nMarjorie Ch\u00e1vez (PSC)<br \/>\nElias Jachero (IND)<br \/>\n\u00c1ngel Maita (Pachakutik)<br \/>\nRaisa Corral (UNES)<br \/>\nM\u00f3nica Palacios (UNES)<br \/>\nFernando Cede\u00f1o (UNES)<\/p>\n<p><strong>Biodiversidad\u00a0y Recursos Naturales<\/strong><\/p>\n<p>Washington Varela (IND)<br \/>\nGissela Molina (Pachakutik)<br \/>\nFreddy Rojas (Creo)<br \/>\nPedro Zapata (PSC)<br \/>\nConsuelo Vega (Pachakutik)<br \/>\nEfr\u00e9n Calapucha (Pachakutik)<br \/>\nJuan Lloret (UNES)<br \/>\nRebeca Veloz (UNES)<br \/>\nMar\u00eda \u00c1lava (UNES)<\/p>\n<p><strong>Soberan\u00eda Alimentaria y Desarrollo del Sector Agropecuario y Pesquero<\/strong><\/p>\n<p>Mariano Curicama (IND)<br \/>\nLuc\u00eda Placencia (ID)<br \/>\nEduardo Mendoza (IND)<br \/>\nHugo Cruz (IND)<br \/>\nXavier Santos (ID)<br \/>\nJoao Acu\u00f1a (UNES)<br \/>\nRonny Aleaga (UNES)<br \/>\nAlexandra Arce (UNES)<br \/>\nEsteban Torres (PSC)<\/p>\n<p><strong>Gobiernos Aut\u00f3nomos, Descentralizaci\u00f3n, Competencias y Organizaci\u00f3n del Territorio<\/strong><\/p>\n<p>Celestino Chumpi (Pachakutik)<br \/>\nYesenia Guaman\u00ed (ID)<br \/>\nPeter Calo (Pachakutik)<br \/>\nHenry Kronfle (PSC)<br \/>\nPatricia S\u00e1nchez (Pachakutik)<br \/>\nMarlon Cadena (ID)<br \/>\nFrancisco Le\u00f3n (UNES)<br \/>\nGustavo Matheus (UNES)<br \/>\nLen\u00edn Barreto (UNES)<\/p>\n<p><strong>Educaci\u00f3n, Cultura, Ciencia, Tecnolog\u00eda, Innovaci\u00f3n y Saberes Ancestrales<\/strong><\/p>\n<p>Manuel Medina (Pachakutik)<br \/>\nAmparo Guanoluisa (ID)<br \/>\nDarwin Perieira (Pachakutik)<br \/>\nZolanda Pluas (PSC)<br \/>\nIsabel Enr\u00edquez (Pachakutik)<br \/>\nRamiro Fr\u00edas (ID)<br \/>\nDiego Esparza (IND)<br \/>\nMariuxi S\u00e1nchez (UNES)<br \/>\nAna Raffo (UNES)<\/p>\n<p><strong>Derecho a la Salud y Deporte<\/strong><\/p>\n<p>Marcos Molina (ID)<br \/>\nMar\u00eda Jos\u00e9 Plaza (Creo)<br \/>\nRosa Cerda (Pachakutik)<br \/>\nJoel Abad (Pachakutik)<br \/>\nRafael Lucero (Pachakutik)<br \/>\nBella Jim\u00e9nez (ID)<br \/>\nLuisa Gonz\u00e1lez (UNES)<br \/>\nRonald Gonz\u00e1lez (UNES)<br \/>\nPatricia Mendoza (UNES)<\/p>\n<p><strong>Transparencia, Participaci\u00f3n Ciudadana y Control Social<\/strong><\/p>\n<p>Mauricio Zambrano (UNES)<br \/>\nNathalie Viteri (PSC)<br \/>\nRicardo Ulcuango (UNES)<br \/>\nMarcos Alvarado (UNES)<br \/>\nFerdinan \u00c1lvarez (UNES)<br \/>\nLyne Katiuska Miranda (UNES)<br \/>\nJos\u00e9 Ch\u00e1vez (UNES)<br \/>\nRosa Bel\u00e9n Mayorga (UNES)<br \/>\nCarlos Pedro Falquez (PSC)<\/p>\n<p><strong>Garant\u00edas Constitucionales, Derechos Humanos, Derechos Colectivos y la Interculturalidad<\/strong><\/p>\n<p>Jos\u00e9 Cabascango (Pachakutik)<br \/>\nSandra Sof\u00eda S\u00e1nchez (Pachakutik)<br \/>\nGruber Cesario Zambrano (PSC)<br \/>\n\u00c9dgar Quezada (Pachakutik)<br \/>\nMario Ruiz (Pachakutik)<br \/>\nVirgilio Saquicela (IND)<br \/>\nPaola Cabezas (UNES)<br \/>\nVictoria Desintonio (UNES)<br \/>\nMar\u00eda Fernando Astudillo (UNES)<\/p>\n<p><strong>Soberan\u00eda, Integraci\u00f3n y Seguridad Integral<\/strong><\/p>\n<p>Ramiro Narv\u00e1ez (ID)<br \/>\nMar\u00eda Aquino (IND)<br \/>\nJorge Pinto (Creo)<br \/>\nGeraldine Weber Moreno (PSC)<br \/>\nRodrigo Fajardo (ID)<br \/>\nAugusto Guam\u00e1n (IND)<br \/>\nJos\u00e9 Luis Vallejo (UNES)<br \/>\nXavier Jurado (UNES)<br \/>\nSilvia N\u00fa\u00f1ez (UNES)<\/p>\n<p><strong>Protecci\u00f3n Integral a Ni\u00f1os, Ni\u00f1as y Adolescentes<\/strong><\/p>\n<p>Dayllana Passailaigue (PSC)<br \/>\nLen\u00edn Lara (UNES)<br \/>\nJavier Ortiz (PSC)<br \/>\nJorge Abedrabbo (PSC)<br \/>\nVanesa Freire (UNES)<br \/>\nEsther Cuesta (UNES)<br \/>\nAmada Ortiz (exID)<br \/>\nPierina Correa (UNES)<br \/>\nLen\u00edn Mera (UNES)<\/p>\n<p>www.lodelmomentoloja.com<br \/>\n#LDMnoticias #lodelmomentolojaLDM<\/p>\n","protected":false},"excerpt":{"rendered":"<p>#Ecuador | En la asamblea la tercera fue la vencida. La sesi\u00f3n 708 se reinstal\u00f3&#8230;<\/p>\n","protected":false},"author":1,"featured_media":4072,"comment_status":"open","ping_status":"open","sticky":false,"template":"","format":"standard","meta":{"footnotes":""},"categories":[1],"tags":[],"class_list":["post-4071","post","type-post","status-publish","format-standard","has-post-thumbnail","hentry","category-inicio"],"_links":{"self":[{"href":"https:\/\/www.lodelmomentoloja.com\/index.php?rest_route=\/wp\/v2\/posts\/4071"}],"collection":[{"href":"https:\/\/www.lodelmomentoloja.com\/index.php?rest_route=\/wp\/v2\/posts"}],"about":[{"href":"https:\/\/www.lodelmomentoloja.com\/index.php?rest_route=\/wp\/v2\/types\/post"}],"author":[{"embeddable":true,"href":"https:\/\/www.lodelmomentoloja.com\/index.php?rest_route=\/wp\/v2\/users\/1"}],"replies":[{"embeddable":true,"href":"https:\/\/www.lodelmomentoloja.com\/index.php?rest_route=%2Fwp%2Fv2%2Fcomments&post=4071"}],"version-history":[{"count":1,"href":"https:\/\/www.lodelmomentoloja.com\/index.php?rest_route=\/wp\/v2\/posts\/4071\/revisions"}],"predecessor-version":[{"id":4073,"href":"https:\/\/www.lodelmomentoloja.com\/index.php?rest_route=\/wp\/v2\/posts\/4071\/revisions\/4073"}],"wp:featuredmedia":[{"embeddable":true,"href":"https:\/\/www.lodelmomentoloja.com\/index.php?rest_route=\/wp\/v2\/media\/4072"}],"wp:attachment":[{"href":"https:\/\/www.lodelmomentoloja.com\/index.php?rest_route=%2Fwp%2Fv2%2Fmedia&parent=4071"}],"wp:term":[{"taxonomy":"category","embeddable":true,"href":"https:\/\/www.lodelmomentoloja.com\/index.php?rest_route=%2Fwp%2Fv2%2Fcategories&post=4071"},{"taxonomy":"post_tag","embeddable":true,"href":"https:\/\/www.lodelmomentoloja.com\/index.php?rest_route=%2Fwp%2Fv2%2Ftags&post=4071"}],"curies":[{"name":"wp","href":"https:\/\/api.w.org\/{rel}","templated":true}]}}