{"id":407,"date":"2020-10-08T11:20:50","date_gmt":"2020-10-08T11:20:50","guid":{"rendered":"http:\/\/www.lodelmomentoloja.com\/?p=407"},"modified":"2020-11-10T00:46:11","modified_gmt":"2020-11-10T00:46:11","slug":"53-anos-de-la-caida-del-che-guevara","status":"publish","type":"post","link":"https:\/\/www.lodelmomentoloja.com\/?p=407","title":{"rendered":"53 a\u00f1os de la ca\u00edda del Che Guevara."},"content":{"rendered":"\n<figure class=\"wp-block-image\"><img decoding=\"async\" src=\"https:\/\/scontent.floh1-1.fna.fbcdn.net\/v\/t1.0-9\/121128664_822112311892194_2530522282754890868_o.jpg?_nc_cat=108&amp;ccb=2&amp;_nc_sid=8bfeb9&amp;_nc_ohc=6aHFSdM9KAcAX_0CNVG&amp;_nc_ht=scontent.floh1-1.fna&amp;oh=e4b07e95c214910d221c3b53dd49089a&amp;oe=5FD0F654\" alt=\"\"\/><\/figure>\n\n\n\n<p>53 a\u00f1os de la muerte del Che Guevara.<\/p>\n\n\n\n<p>Era el 8 de octubre de 1967, Ernesto Guevara, el Che, l\u00edder de revoluci\u00f3n cubana, era apresado en la cordillera andina boliviana, la quebrada del Churo en el pueblo de La Higuera. Al siguiente d\u00eda, el gobierno boliviano ordena su ejecuci\u00f3n. El Che Guevara ten\u00eda 39 a\u00f1os el momento de su muerte.<\/p>\n\n\n\n<p>\u00bfQui\u00e9n lo captur\u00f3? Muchos dedos se\u00f1alan a F\u00e9lix Rodr\u00edguez nacido en La Habana y exagente de la CIA, siendo reclutado por la agencia estadounidense con el objetivo de sumarlo en diferentes operaciones.<\/p>\n\n\n\n<p>En un relato emitido en el 2017, F\u00e9lix Ismael Rodr\u00edguez relata las \u00faltimas horas del l\u00edder comunista: &#8220;Usted viene a matarme. \u00a1P\u00f3ngase sereno, y apunte bien! Usted va a matar a un hombre&#8221;. Mirada fija, penetrante, imperturbable, Ernesto Che Guevara le habl\u00f3 as\u00ed al atribulado suboficial Mario Ter\u00e1n Salazar en la calurosa tarde de La Higuera en Bolivia.<\/p>\n\n\n\n<p>Hoy en d\u00eda, no se puede hablar de una persona es especial que haya dado la orden para que se capture al l\u00edder revolucionario. Sin embargo, Gary Prado, en aquel entonces desempe\u00f1aba la funci\u00f3n de capit\u00e1n de la compa\u00f1\u00eda del Ej\u00e9rcito de Bolivia, fue quien rode\u00f3 al &#8216;Che&#8217; y a sus \u00faltimos guerrilleros. &#8220;Hab\u00eda orden de matar&#8221;, dijo, el ahora ya retirado. El mismo general culpa a Fidel Castro de la ejecuci\u00f3n del argentino-cubano: &#8220;Despu\u00e9s de tantos a\u00f1os lo que se ha desentra\u00f1ado es que al final al &#8216;Che&#8217; lo mandaron a morir aqu\u00ed. Se libraron de \u00e9l. Esa es la realidad: Castro se libr\u00f3 de \u00e9l (&#8230;) porque la c\u00fapula del Partido Comunista cubano ya no lo toleraba, por su car\u00e1cter y su forma de ser impulsiva&#8221;.<\/p>\n\n\n\n<p>Hoy, se cumplen 53 a\u00f1os desde aquel suceso y su legado sigue vigente para Latinoam\u00e9rica.<\/p>\n","protected":false},"excerpt":{"rendered":"<p>53 a\u00f1os de la muerte del Che Guevara. Era el 8 de octubre de 1967,&#8230;<\/p>\n","protected":false},"author":1,"featured_media":410,"comment_status":"open","ping_status":"open","sticky":false,"template":"","format":"standard","meta":{"footnotes":""},"categories":[1,4],"tags":[],"class_list":["post-407","post","type-post","status-publish","format-standard","has-post-thumbnail","hentry","category-inicio","category-internacional"],"_links":{"self":[{"href":"https:\/\/www.lodelmomentoloja.com\/index.php?rest_route=\/wp\/v2\/posts\/407"}],"collection":[{"href":"https:\/\/www.lodelmomentoloja.com\/index.php?rest_route=\/wp\/v2\/posts"}],"about":[{"href":"https:\/\/www.lodelmomentoloja.com\/index.php?rest_route=\/wp\/v2\/types\/post"}],"author":[{"embeddable":true,"href":"https:\/\/www.lodelmomentoloja.com\/index.php?rest_route=\/wp\/v2\/users\/1"}],"replies":[{"embeddable":true,"href":"https:\/\/www.lodelmomentoloja.com\/index.php?rest_route=%2Fwp%2Fv2%2Fcomments&post=407"}],"version-history":[{"count":1,"href":"https:\/\/www.lodelmomentoloja.com\/index.php?rest_route=\/wp\/v2\/posts\/407\/revisions"}],"predecessor-version":[{"id":412,"href":"https:\/\/www.lodelmomentoloja.com\/index.php?rest_route=\/wp\/v2\/posts\/407\/revisions\/412"}],"wp:featuredmedia":[{"embeddable":true,"href":"https:\/\/www.lodelmomentoloja.com\/index.php?rest_route=\/wp\/v2\/media\/410"}],"wp:attachment":[{"href":"https:\/\/www.lodelmomentoloja.com\/index.php?rest_route=%2Fwp%2Fv2%2Fmedia&parent=407"}],"wp:term":[{"taxonomy":"category","embeddable":true,"href":"https:\/\/www.lodelmomentoloja.com\/index.php?rest_route=%2Fwp%2Fv2%2Fcategories&post=407"},{"taxonomy":"post_tag","embeddable":true,"href":"https:\/\/www.lodelmomentoloja.com\/index.php?rest_route=%2Fwp%2Fv2%2Ftags&post=407"}],"curies":[{"name":"wp","href":"https:\/\/api.w.org\/{rel}","templated":true}]}}