{"id":4039,"date":"2021-05-19T14:00:03","date_gmt":"2021-05-19T14:00:03","guid":{"rendered":"http:\/\/www.lodelmomentoloja.com\/?p=4039"},"modified":"2021-05-19T22:32:38","modified_gmt":"2021-05-19T22:32:38","slug":"yaku-oficializo-su-salida-de-pachakutik","status":"publish","type":"post","link":"https:\/\/www.lodelmomentoloja.com\/?p=4039","title":{"rendered":"Yaku oficializ\u00f3 su salida de Pachakutik"},"content":{"rendered":"<p>#Nacional | Yaku oficializ\u00f3 su salida de Pachakutik.<\/p>\n<p>El excandidato presidencial por Pachakutik, ratific\u00f3 su salida del Movimiento ind\u00edgena, \u201cNo quiero ser obst\u00e1culo, pero no me responsabilizo de los acuerdos con la derecha neoliberal, agradezco a las bases del Pachakutik\u201d, mencion\u00f3 Yaku este 19 de mayo del 2021 en una intervenci\u00f3n realizada en la Organizaci\u00f3n de Comunidades Campesinas de Azuay, en el centro de Cuenca.<\/p>\n<p>P\u00e9rez dijo que seguir\u00e1 en la resistencia social y regresar\u00e1 a su estudio jur\u00eddico para la defensa del agua y de los grupos sociales que son judicializados, mencion\u00f3 en la rueda de prensa. Adem\u00e1s asegur\u00f3 que no piensa en una nueva candidatura presidencial por el momento y har\u00e1 una pausa en la pol\u00edtica por un tiempo.<\/p>\n<p>\u201cSiento alegr\u00eda por Guadalupe Llori (presidenta de la Asamblea Nacional), se merece y es leg\u00edtimo, pero no estoy de acuerdo c\u00f3mo se lleg\u00f3. No se ha transparentado el acuerdo\u201d &#8211; a\u00f1adi\u00f3 P\u00e9rez.<\/p>\n<p>www.lodelmomentoloja.com<br \/>\n#LDMnoticias #lodelmomentolojaLDM<\/p>\n","protected":false},"excerpt":{"rendered":"<p>#Nacional | Yaku oficializ\u00f3 su salida de Pachakutik. El excandidato presidencial por Pachakutik, ratific\u00f3 su&#8230;<\/p>\n","protected":false},"author":1,"featured_media":4040,"comment_status":"open","ping_status":"open","sticky":false,"template":"","format":"standard","meta":{"footnotes":""},"categories":[1],"tags":[],"class_list":["post-4039","post","type-post","status-publish","format-standard","has-post-thumbnail","hentry","category-inicio"],"_links":{"self":[{"href":"https:\/\/www.lodelmomentoloja.com\/index.php?rest_route=\/wp\/v2\/posts\/4039"}],"collection":[{"href":"https:\/\/www.lodelmomentoloja.com\/index.php?rest_route=\/wp\/v2\/posts"}],"about":[{"href":"https:\/\/www.lodelmomentoloja.com\/index.php?rest_route=\/wp\/v2\/types\/post"}],"author":[{"embeddable":true,"href":"https:\/\/www.lodelmomentoloja.com\/index.php?rest_route=\/wp\/v2\/users\/1"}],"replies":[{"embeddable":true,"href":"https:\/\/www.lodelmomentoloja.com\/index.php?rest_route=%2Fwp%2Fv2%2Fcomments&post=4039"}],"version-history":[{"count":1,"href":"https:\/\/www.lodelmomentoloja.com\/index.php?rest_route=\/wp\/v2\/posts\/4039\/revisions"}],"predecessor-version":[{"id":4041,"href":"https:\/\/www.lodelmomentoloja.com\/index.php?rest_route=\/wp\/v2\/posts\/4039\/revisions\/4041"}],"wp:featuredmedia":[{"embeddable":true,"href":"https:\/\/www.lodelmomentoloja.com\/index.php?rest_route=\/wp\/v2\/media\/4040"}],"wp:attachment":[{"href":"https:\/\/www.lodelmomentoloja.com\/index.php?rest_route=%2Fwp%2Fv2%2Fmedia&parent=4039"}],"wp:term":[{"taxonomy":"category","embeddable":true,"href":"https:\/\/www.lodelmomentoloja.com\/index.php?rest_route=%2Fwp%2Fv2%2Fcategories&post=4039"},{"taxonomy":"post_tag","embeddable":true,"href":"https:\/\/www.lodelmomentoloja.com\/index.php?rest_route=%2Fwp%2Fv2%2Ftags&post=4039"}],"curies":[{"name":"wp","href":"https:\/\/api.w.org\/{rel}","templated":true}]}}