{"id":4023,"date":"2021-05-18T17:15:29","date_gmt":"2021-05-18T17:15:29","guid":{"rendered":"http:\/\/www.lodelmomentoloja.com\/?p=4023"},"modified":"2021-05-18T22:21:48","modified_gmt":"2021-05-18T22:21:48","slug":"capitan-de-policia-es-sentenciado-por-violacion","status":"publish","type":"post","link":"https:\/\/www.lodelmomentoloja.com\/?p=4023","title":{"rendered":"Capit\u00e1n de Polic\u00eda es sentenciado por violaci\u00f3n."},"content":{"rendered":"<p>#Ecuador | Capit\u00e1n de Polic\u00eda es sentenciado por violaci\u00f3n.<\/p>\n<p>A trav\u00e9s del bolet\u00edn de prensa FGE N\u00ba 447-DC-2021, emitido por Fiscal\u00eda General del Estado, se puso a conocimiento que el autor del delito, Patricio E. M., quien prestaba sus servicios con el grado de Capit\u00e1n en la Polic\u00eda Nacional, fue sentenciado a una pena privativa de la libertad de diecinueve a\u00f1os por el delito de violaci\u00f3n.<\/p>\n<p>En el bolet\u00edn se menciona lo siguiente: &#8220;Juan Jos\u00e9 Alen Castro, fiscal de la Unidad de Violencia de G\u00e9nero 1, prob\u00f3 durante el juicio que el uniformado agredi\u00f3 sexualmente a una compa\u00f1era en las instalaciones del cuartel de la Subzona Sucumb\u00edos.<\/p>\n<p>Los hechos ocurrieron la madrugada del 30 de agosto de 2019. El ya sentenciado aprovech\u00f3 el estado de embriaguez en el que se encontraba la mujer para violentarla sexualmente.<\/p>\n<p>De acuerdo con las conclusiones de un informe de valoraci\u00f3n psicol\u00f3gica, tambi\u00e9n presentado como prueba en el caso, la mujer present\u00f3 rasgos depresivos, de ansiedad, crisis de llanto y sentimientos de miedo&#8221;.<\/p>\n<p>Adem\u00e1s de la pena privativa de la libertad, los jueces ordenaron al procesado el pago de una multa de 800 salarios b\u00e1sicos del trabajador (Teniendo en cuenta que un capit\u00e1n gana entre $2.350 a $2.526, ser\u00eda un valor estimado entre USD 1,8 a 2 millones) y de una reparaci\u00f3n integral a la v\u00edctima de 5.000 d\u00f3lares &#8211; Se a\u00f1adi\u00f3 al documento.<\/p>\n<p>El C\u00f3digo Org\u00e1nico Integral Penal (COIP) en su art\u00edculo 171, inciso primero, numeral 1, menciona que se sanciona la violaci\u00f3n con una pena de diecinueve a veintid\u00f3s a\u00f1os, \u201ccuando la v\u00edctima se halle privada de la raz\u00f3n o del sentido, o cuando por enfermedad o por discapacidad no pudiera resistirse\u201d.<\/p>\n<p>www.lodelmomentoloja.com<br \/>\n#LDMnoticias #lodelmomentolojaLDM<\/p>\n","protected":false},"excerpt":{"rendered":"<p>#Ecuador | Capit\u00e1n de Polic\u00eda es sentenciado por violaci\u00f3n. A trav\u00e9s del bolet\u00edn de prensa&#8230;<\/p>\n","protected":false},"author":1,"featured_media":4025,"comment_status":"open","ping_status":"open","sticky":false,"template":"","format":"standard","meta":{"footnotes":""},"categories":[1],"tags":[],"class_list":["post-4023","post","type-post","status-publish","format-standard","has-post-thumbnail","hentry","category-inicio"],"_links":{"self":[{"href":"https:\/\/www.lodelmomentoloja.com\/index.php?rest_route=\/wp\/v2\/posts\/4023"}],"collection":[{"href":"https:\/\/www.lodelmomentoloja.com\/index.php?rest_route=\/wp\/v2\/posts"}],"about":[{"href":"https:\/\/www.lodelmomentoloja.com\/index.php?rest_route=\/wp\/v2\/types\/post"}],"author":[{"embeddable":true,"href":"https:\/\/www.lodelmomentoloja.com\/index.php?rest_route=\/wp\/v2\/users\/1"}],"replies":[{"embeddable":true,"href":"https:\/\/www.lodelmomentoloja.com\/index.php?rest_route=%2Fwp%2Fv2%2Fcomments&post=4023"}],"version-history":[{"count":1,"href":"https:\/\/www.lodelmomentoloja.com\/index.php?rest_route=\/wp\/v2\/posts\/4023\/revisions"}],"predecessor-version":[{"id":4026,"href":"https:\/\/www.lodelmomentoloja.com\/index.php?rest_route=\/wp\/v2\/posts\/4023\/revisions\/4026"}],"wp:featuredmedia":[{"embeddable":true,"href":"https:\/\/www.lodelmomentoloja.com\/index.php?rest_route=\/wp\/v2\/media\/4025"}],"wp:attachment":[{"href":"https:\/\/www.lodelmomentoloja.com\/index.php?rest_route=%2Fwp%2Fv2%2Fmedia&parent=4023"}],"wp:term":[{"taxonomy":"category","embeddable":true,"href":"https:\/\/www.lodelmomentoloja.com\/index.php?rest_route=%2Fwp%2Fv2%2Fcategories&post=4023"},{"taxonomy":"post_tag","embeddable":true,"href":"https:\/\/www.lodelmomentoloja.com\/index.php?rest_route=%2Fwp%2Fv2%2Ftags&post=4023"}],"curies":[{"name":"wp","href":"https:\/\/api.w.org\/{rel}","templated":true}]}}