{"id":4020,"date":"2021-05-18T12:52:41","date_gmt":"2021-05-18T12:52:41","guid":{"rendered":"http:\/\/www.lodelmomentoloja.com\/?p=4020"},"modified":"2021-05-18T17:54:14","modified_gmt":"2021-05-18T17:54:14","slug":"galapagos-estara-libre-de-covid-19","status":"publish","type":"post","link":"https:\/\/www.lodelmomentoloja.com\/?p=4020","title":{"rendered":"Gal\u00e1pagos estar\u00e1 libre de Covid-19"},"content":{"rendered":"<p dir=\"ltr\">#Ecuador | Los habitantes de las islas Gal\u00e1pagos terminar\u00edan de recibir las dosis en contra del coronavirus en junio.<\/p>\n<p dir=\"ltr\">El Archipi\u00e9lago de Gal\u00e1pagos se convertir\u00e1 a partir del pr\u00f3ximo mes en zona libre de COVID-19, lo que le permitir\u00e1 ser la primera jurisdicci\u00f3n de su tipo (conjunto de islas) en Am\u00e9rica y la segunda en el mundo en obtener este estatus, tras un exitoso programa de inmunizaci\u00f3n de su poblaci\u00f3n objetivo.<\/p>\n<p dir=\"ltr\">De acuerdo con el funcionario, Camilo Salinas (Ministro de Salud), en junio, Gal\u00e1pagos estar\u00eda libre de coronavirus y la \u00faltima vacuna de segunda dosis estar\u00e1 entre el 14 y 15 de junio, estar\u00e1 el 100% de las personas que cumplen la especificidad de 18 a\u00f1os en adelante.<\/p>\n<p dir=\"ltr\">Salinas agreg\u00f3 que hay un equipo de investigaci\u00f3n en Gal\u00e1pagos para ver c\u00f3mo se da el fen\u00f3meno vacunados versus COVID-19, que lo realiza la Universidad San Francisco de Quito con la empresa Pfizer.<\/p>\n<p dir=\"ltr\">www.lodelmomentoloja.com<br \/>\n#LDMnoticias #lodelmomentolojaLDM<\/p>\n","protected":false},"excerpt":{"rendered":"<p>#Ecuador | Los habitantes de las islas Gal\u00e1pagos terminar\u00edan de recibir las dosis en contra&#8230;<\/p>\n","protected":false},"author":1,"featured_media":4021,"comment_status":"open","ping_status":"open","sticky":false,"template":"","format":"standard","meta":{"footnotes":""},"categories":[1],"tags":[],"class_list":["post-4020","post","type-post","status-publish","format-standard","has-post-thumbnail","hentry","category-inicio"],"_links":{"self":[{"href":"https:\/\/www.lodelmomentoloja.com\/index.php?rest_route=\/wp\/v2\/posts\/4020"}],"collection":[{"href":"https:\/\/www.lodelmomentoloja.com\/index.php?rest_route=\/wp\/v2\/posts"}],"about":[{"href":"https:\/\/www.lodelmomentoloja.com\/index.php?rest_route=\/wp\/v2\/types\/post"}],"author":[{"embeddable":true,"href":"https:\/\/www.lodelmomentoloja.com\/index.php?rest_route=\/wp\/v2\/users\/1"}],"replies":[{"embeddable":true,"href":"https:\/\/www.lodelmomentoloja.com\/index.php?rest_route=%2Fwp%2Fv2%2Fcomments&post=4020"}],"version-history":[{"count":1,"href":"https:\/\/www.lodelmomentoloja.com\/index.php?rest_route=\/wp\/v2\/posts\/4020\/revisions"}],"predecessor-version":[{"id":4022,"href":"https:\/\/www.lodelmomentoloja.com\/index.php?rest_route=\/wp\/v2\/posts\/4020\/revisions\/4022"}],"wp:featuredmedia":[{"embeddable":true,"href":"https:\/\/www.lodelmomentoloja.com\/index.php?rest_route=\/wp\/v2\/media\/4021"}],"wp:attachment":[{"href":"https:\/\/www.lodelmomentoloja.com\/index.php?rest_route=%2Fwp%2Fv2%2Fmedia&parent=4020"}],"wp:term":[{"taxonomy":"category","embeddable":true,"href":"https:\/\/www.lodelmomentoloja.com\/index.php?rest_route=%2Fwp%2Fv2%2Fcategories&post=4020"},{"taxonomy":"post_tag","embeddable":true,"href":"https:\/\/www.lodelmomentoloja.com\/index.php?rest_route=%2Fwp%2Fv2%2Ftags&post=4020"}],"curies":[{"name":"wp","href":"https:\/\/api.w.org\/{rel}","templated":true}]}}