{"id":4011,"date":"2021-05-18T09:40:14","date_gmt":"2021-05-18T09:40:14","guid":{"rendered":"http:\/\/www.lodelmomentoloja.com\/?p=4011"},"modified":"2021-05-18T14:43:05","modified_gmt":"2021-05-18T14:43:05","slug":"la-gran-reunion","status":"publish","type":"post","link":"https:\/\/www.lodelmomentoloja.com\/?p=4011","title":{"rendered":"&#8216;La gran reuni\u00f3n&#8217;"},"content":{"rendered":"<p>#Ecuador | La reuni\u00f3n entre Correa, Nebot y Lasso.<\/p>\n<p>Tras entrevista a La Posta, el l\u00edder de PSC Jaime Nebot, habl\u00f3 sobre la larga reuni\u00f3n que mantuvo con Guillermo Lasso y Rafael Correa, que paralelamente se realiz\u00f3 en la casa de Henry Kronfle. &#8220;No se puede hacer una reuni\u00f3n si la anuencia de los l\u00edderes de los partidos&#8221; enfatizaba Nebot ante los comentarios que opinan sobre un acuerdo sin conocimiento de todas las partes.<\/p>\n<p>Entre los invitados que han estado en dicha reuni\u00f3n, mencion\u00f3 que el lado de UNES, estaba Pavel Mu\u00f1oz y Camilo Sam\u00e1n; por CREO, asisti\u00f3 Guillermo Lasso y C\u00e9sar Monge; y por el PSC, Nebot y Kronfle, quien a prop\u00f3sito de la reuni\u00f3n, el legislador del PSC (Kronfle) fue propuesto como terna de CREO.<\/p>\n<p>Entre otros temas que abordaron, fueron:<br \/>\n&#8211; Correa a Lasso: &#8220;A mi, los se\u00f1ores de Pachakutik, para darles la presidencia, me ofrecieron tumbarlo en un a\u00f1o&#8221;.<br \/>\n&#8211; El silencio del PSC fue porque no defin\u00edan la autorizaci\u00f3n del comunicado con la firma de Lasso.<br \/>\n&#8211; El comunicado no se firmaba porque equipo econ\u00f3mico de Lasso, &#8220;s\u00e1quenme esto de cumplir con los Municipios, Juntas Parroquiales, Prefecturas y universidades porque mi equipo econ\u00f3mico me ha dicho que la situaci\u00f3n de la caja es muy grave&#8221;, dijo Nebot.<\/p>\n<p>&#8211; El asamble\u00edsta Fernando Villavicencio tambi\u00e9n era candidato del acuerdo (PSC-CREO-UNES) a la vicepresidencia de la Asamblea Nacional, algo que no les gust\u00f3 a C\u00e9sar Rohon.<br \/>\n&#8211; Lasso llam\u00f3 a Vicente Almeyda a proponerle la Gobernaci\u00f3n de Guayas y \u00e9l le respondi\u00f3 como un hombre leal\u201d,<\/p>\n<p>www.lodelmomentoloja.com<br \/>\n#LDMnoticias #lodelmomentolojaLDM<\/p>\n","protected":false},"excerpt":{"rendered":"<p>#Ecuador | La reuni\u00f3n entre Correa, Nebot y Lasso. Tras entrevista a La Posta, el&#8230;<\/p>\n","protected":false},"author":1,"featured_media":4012,"comment_status":"open","ping_status":"open","sticky":false,"template":"","format":"standard","meta":{"footnotes":""},"categories":[1],"tags":[],"class_list":["post-4011","post","type-post","status-publish","format-standard","has-post-thumbnail","hentry","category-inicio"],"_links":{"self":[{"href":"https:\/\/www.lodelmomentoloja.com\/index.php?rest_route=\/wp\/v2\/posts\/4011"}],"collection":[{"href":"https:\/\/www.lodelmomentoloja.com\/index.php?rest_route=\/wp\/v2\/posts"}],"about":[{"href":"https:\/\/www.lodelmomentoloja.com\/index.php?rest_route=\/wp\/v2\/types\/post"}],"author":[{"embeddable":true,"href":"https:\/\/www.lodelmomentoloja.com\/index.php?rest_route=\/wp\/v2\/users\/1"}],"replies":[{"embeddable":true,"href":"https:\/\/www.lodelmomentoloja.com\/index.php?rest_route=%2Fwp%2Fv2%2Fcomments&post=4011"}],"version-history":[{"count":1,"href":"https:\/\/www.lodelmomentoloja.com\/index.php?rest_route=\/wp\/v2\/posts\/4011\/revisions"}],"predecessor-version":[{"id":4013,"href":"https:\/\/www.lodelmomentoloja.com\/index.php?rest_route=\/wp\/v2\/posts\/4011\/revisions\/4013"}],"wp:featuredmedia":[{"embeddable":true,"href":"https:\/\/www.lodelmomentoloja.com\/index.php?rest_route=\/wp\/v2\/media\/4012"}],"wp:attachment":[{"href":"https:\/\/www.lodelmomentoloja.com\/index.php?rest_route=%2Fwp%2Fv2%2Fmedia&parent=4011"}],"wp:term":[{"taxonomy":"category","embeddable":true,"href":"https:\/\/www.lodelmomentoloja.com\/index.php?rest_route=%2Fwp%2Fv2%2Fcategories&post=4011"},{"taxonomy":"post_tag","embeddable":true,"href":"https:\/\/www.lodelmomentoloja.com\/index.php?rest_route=%2Fwp%2Fv2%2Ftags&post=4011"}],"curies":[{"name":"wp","href":"https:\/\/api.w.org\/{rel}","templated":true}]}}