{"id":3998,"date":"2021-05-17T09:00:55","date_gmt":"2021-05-17T09:00:55","guid":{"rendered":"http:\/\/www.lodelmomentoloja.com\/?p=3998"},"modified":"2021-05-17T15:49:40","modified_gmt":"2021-05-17T15:49:40","slug":"impulsaran-juicio-politico-contra-defensor-del-pueblo","status":"publish","type":"post","link":"https:\/\/www.lodelmomentoloja.com\/?p=3998","title":{"rendered":"Impulsar\u00e1n juicio pol\u00edtico contra Defensor del Pueblo."},"content":{"rendered":"<p>#Ecuador | Impulsar\u00e1n juicio pol\u00edtico contra Defensor del Pueblo.<\/p>\n<p>Fernando Villavicencio Asamble\u00edsta Nacional, realiz\u00f3 el pedido para formalizar el juicio pol\u00edtico al Defensor del Pueblo Freddy Carri\u00f3n, por los hechos de violencia registrados la noche del 15 y madruga del 16 de mayo del 2021. &#8220;He solicitado informaci\u00f3n oficial de respaldo a la referida acci\u00f3n de fiscalizaci\u00f3n&#8221; dijo el legislador.<\/p>\n<p>Previo a la formalizaci\u00f3n del jucio, el legislador, solicit\u00f3 informaci\u00f3n a la comandante General de Polic\u00eda, a la Fiscal General del Estado, Jefe de la Polic\u00eda Zonal 9 y al Ministro de Gobierno, sobre lo ocurrido.<\/p>\n<p>En las pr\u00f3ximas horas el legislador solicitar\u00e1 a los dem\u00e1s asamble\u00edstas la adhesi\u00f3n y el apoyo al juicio pol\u00edtico.<\/p>\n<p>www.lodelmomentoloja.com<br \/>\n#LDMnoticias #lodelmomentolojaLDM<\/p>\n","protected":false},"excerpt":{"rendered":"<p>#Ecuador | Impulsar\u00e1n juicio pol\u00edtico contra Defensor del Pueblo. Fernando Villavicencio Asamble\u00edsta Nacional, realiz\u00f3 el&#8230;<\/p>\n","protected":false},"author":1,"featured_media":3999,"comment_status":"open","ping_status":"open","sticky":false,"template":"","format":"standard","meta":{"footnotes":""},"categories":[1],"tags":[],"class_list":["post-3998","post","type-post","status-publish","format-standard","has-post-thumbnail","hentry","category-inicio"],"_links":{"self":[{"href":"https:\/\/www.lodelmomentoloja.com\/index.php?rest_route=\/wp\/v2\/posts\/3998"}],"collection":[{"href":"https:\/\/www.lodelmomentoloja.com\/index.php?rest_route=\/wp\/v2\/posts"}],"about":[{"href":"https:\/\/www.lodelmomentoloja.com\/index.php?rest_route=\/wp\/v2\/types\/post"}],"author":[{"embeddable":true,"href":"https:\/\/www.lodelmomentoloja.com\/index.php?rest_route=\/wp\/v2\/users\/1"}],"replies":[{"embeddable":true,"href":"https:\/\/www.lodelmomentoloja.com\/index.php?rest_route=%2Fwp%2Fv2%2Fcomments&post=3998"}],"version-history":[{"count":1,"href":"https:\/\/www.lodelmomentoloja.com\/index.php?rest_route=\/wp\/v2\/posts\/3998\/revisions"}],"predecessor-version":[{"id":4000,"href":"https:\/\/www.lodelmomentoloja.com\/index.php?rest_route=\/wp\/v2\/posts\/3998\/revisions\/4000"}],"wp:featuredmedia":[{"embeddable":true,"href":"https:\/\/www.lodelmomentoloja.com\/index.php?rest_route=\/wp\/v2\/media\/3999"}],"wp:attachment":[{"href":"https:\/\/www.lodelmomentoloja.com\/index.php?rest_route=%2Fwp%2Fv2%2Fmedia&parent=3998"}],"wp:term":[{"taxonomy":"category","embeddable":true,"href":"https:\/\/www.lodelmomentoloja.com\/index.php?rest_route=%2Fwp%2Fv2%2Fcategories&post=3998"},{"taxonomy":"post_tag","embeddable":true,"href":"https:\/\/www.lodelmomentoloja.com\/index.php?rest_route=%2Fwp%2Fv2%2Ftags&post=3998"}],"curies":[{"name":"wp","href":"https:\/\/api.w.org\/{rel}","templated":true}]}}