{"id":3964,"date":"2021-05-14T15:13:27","date_gmt":"2021-05-14T15:13:27","guid":{"rendered":"http:\/\/www.lodelmomentoloja.com\/?p=3964"},"modified":"2021-05-14T15:14:00","modified_gmt":"2021-05-14T15:14:00","slug":"la-nueva-mayoria-de-la-asamblea","status":"publish","type":"post","link":"https:\/\/www.lodelmomentoloja.com\/?p=3964","title":{"rendered":"\u00bfLa nueva mayor\u00eda de la asamblea?"},"content":{"rendered":"<p>#Ecuador | \u00bfLa nueva mayor\u00eda de la Asamblea?<\/p>\n<p>Henry Kronfle, asamble\u00edsta reelecto del PSC confirm\u00f3 la tarde de ayer que si existen negociaciones donde incluye a la bancada de UNES para conformar la nueva mayor\u00eda de la Asamblea Nacional previo a la elecci\u00f3n de sus autoridades.<\/p>\n<p>El representante del PSC, quien est\u00e1 como la principal carta para ocupar la Presidencia de la Asamblea espera que hoy se consuma ese acuerdo ante la opini\u00f3n p\u00fablica, del cual forman asamble\u00edstas independientes, PSC, CREO y UNES. Kronfle dice que en la nueva Asamblea \u201chay que hablar con todos (\u2026) el ecuatoriano requiere un acuerdo de gobernabilidad total, los nombres ser\u00e1n lo de menos\u201d.<\/p>\n<p>\u00bfC\u00f3mo se podr\u00eda conformar?<\/p>\n<p>Presidencia podr\u00eda recaer en la lista 6, con Kronfle; la primera vicepresidencia en Unes con Paola Cabezas; y la segunda vicepresidencia en Creo e independientes con Virgilio Saquicela.<\/p>\n<p>www.lodelmomentoloja.com<br \/>\n#LDMnoticias #lodelmomentolojaLDM<\/p>\n","protected":false},"excerpt":{"rendered":"<p>#Ecuador | \u00bfLa nueva mayor\u00eda de la Asamblea? Henry Kronfle, asamble\u00edsta reelecto del PSC confirm\u00f3&#8230;<\/p>\n","protected":false},"author":1,"featured_media":3966,"comment_status":"open","ping_status":"open","sticky":false,"template":"","format":"standard","meta":{"footnotes":""},"categories":[1],"tags":[],"class_list":["post-3964","post","type-post","status-publish","format-standard","has-post-thumbnail","hentry","category-inicio"],"_links":{"self":[{"href":"https:\/\/www.lodelmomentoloja.com\/index.php?rest_route=\/wp\/v2\/posts\/3964"}],"collection":[{"href":"https:\/\/www.lodelmomentoloja.com\/index.php?rest_route=\/wp\/v2\/posts"}],"about":[{"href":"https:\/\/www.lodelmomentoloja.com\/index.php?rest_route=\/wp\/v2\/types\/post"}],"author":[{"embeddable":true,"href":"https:\/\/www.lodelmomentoloja.com\/index.php?rest_route=\/wp\/v2\/users\/1"}],"replies":[{"embeddable":true,"href":"https:\/\/www.lodelmomentoloja.com\/index.php?rest_route=%2Fwp%2Fv2%2Fcomments&post=3964"}],"version-history":[{"count":1,"href":"https:\/\/www.lodelmomentoloja.com\/index.php?rest_route=\/wp\/v2\/posts\/3964\/revisions"}],"predecessor-version":[{"id":3965,"href":"https:\/\/www.lodelmomentoloja.com\/index.php?rest_route=\/wp\/v2\/posts\/3964\/revisions\/3965"}],"wp:featuredmedia":[{"embeddable":true,"href":"https:\/\/www.lodelmomentoloja.com\/index.php?rest_route=\/wp\/v2\/media\/3966"}],"wp:attachment":[{"href":"https:\/\/www.lodelmomentoloja.com\/index.php?rest_route=%2Fwp%2Fv2%2Fmedia&parent=3964"}],"wp:term":[{"taxonomy":"category","embeddable":true,"href":"https:\/\/www.lodelmomentoloja.com\/index.php?rest_route=%2Fwp%2Fv2%2Fcategories&post=3964"},{"taxonomy":"post_tag","embeddable":true,"href":"https:\/\/www.lodelmomentoloja.com\/index.php?rest_route=%2Fwp%2Fv2%2Ftags&post=3964"}],"curies":[{"name":"wp","href":"https:\/\/api.w.org\/{rel}","templated":true}]}}