{"id":3951,"date":"2021-05-13T10:00:55","date_gmt":"2021-05-13T10:00:55","guid":{"rendered":"http:\/\/www.lodelmomentoloja.com\/?p=3951"},"modified":"2021-05-13T16:04:31","modified_gmt":"2021-05-13T16:04:31","slug":"psc-y-unes-tendrian-acuerdo-en-asamblea","status":"publish","type":"post","link":"https:\/\/www.lodelmomentoloja.com\/?p=3951","title":{"rendered":"PSC y UNES tendr\u00edan acuerdo en Asamblea"},"content":{"rendered":"<p>#Ecuador | PSC y UNES tendr\u00edan acuerdo en la Asamblea.<\/p>\n<p>A un d\u00eda de iniciar nuevo periodo de la Asamblea Nacional, estar\u00eda por concretarse un pacto legislativo entre la alianza PSC-CREO con UNES y los independientes. Este acuerdo significar\u00eda la presidencia para los socialcristianos, para lo cual existen tres opciones: Henry Kronfle, C\u00e9sar Roh\u00f3n y Carlos Falquez.<\/p>\n<p>Entre las conversaciones, se han dialogado la distribuci\u00f3n de las diferentes comisiones. L\u00edderes de la bancada de UNES piden crear una comisi\u00f3n de la verdad que revise los procesos judiciales , incluido el caso del ex vicepresidente Jorge Glas.<\/p>\n<p>Seg\u00fan la Ley Org\u00e1nica de la Funci\u00f3n Legislativa, la Asamblea Nacional se instalar\u00e1 en Quito de manera presencial el 14 de mayo del a\u00f1o de su elecci\u00f3n, a las 10:00, d\u00eda en que designar\u00e1 a las autoridades, esto es, al presidente, primer vicepresidente, segundo vicepresidente y cuatro vocales del Consejo de Administraci\u00f3n Legislativa (CAL).<\/p>\n<p>www.lodelmomentoloja.com<br \/>\n#LDMnoticias #lodelmomentolojaLDM<\/p>\n","protected":false},"excerpt":{"rendered":"<p>#Ecuador | PSC y UNES tendr\u00edan acuerdo en la Asamblea. A un d\u00eda de iniciar&#8230;<\/p>\n","protected":false},"author":1,"featured_media":3952,"comment_status":"open","ping_status":"open","sticky":false,"template":"","format":"standard","meta":{"footnotes":""},"categories":[1],"tags":[],"class_list":["post-3951","post","type-post","status-publish","format-standard","has-post-thumbnail","hentry","category-inicio"],"_links":{"self":[{"href":"https:\/\/www.lodelmomentoloja.com\/index.php?rest_route=\/wp\/v2\/posts\/3951"}],"collection":[{"href":"https:\/\/www.lodelmomentoloja.com\/index.php?rest_route=\/wp\/v2\/posts"}],"about":[{"href":"https:\/\/www.lodelmomentoloja.com\/index.php?rest_route=\/wp\/v2\/types\/post"}],"author":[{"embeddable":true,"href":"https:\/\/www.lodelmomentoloja.com\/index.php?rest_route=\/wp\/v2\/users\/1"}],"replies":[{"embeddable":true,"href":"https:\/\/www.lodelmomentoloja.com\/index.php?rest_route=%2Fwp%2Fv2%2Fcomments&post=3951"}],"version-history":[{"count":1,"href":"https:\/\/www.lodelmomentoloja.com\/index.php?rest_route=\/wp\/v2\/posts\/3951\/revisions"}],"predecessor-version":[{"id":3953,"href":"https:\/\/www.lodelmomentoloja.com\/index.php?rest_route=\/wp\/v2\/posts\/3951\/revisions\/3953"}],"wp:featuredmedia":[{"embeddable":true,"href":"https:\/\/www.lodelmomentoloja.com\/index.php?rest_route=\/wp\/v2\/media\/3952"}],"wp:attachment":[{"href":"https:\/\/www.lodelmomentoloja.com\/index.php?rest_route=%2Fwp%2Fv2%2Fmedia&parent=3951"}],"wp:term":[{"taxonomy":"category","embeddable":true,"href":"https:\/\/www.lodelmomentoloja.com\/index.php?rest_route=%2Fwp%2Fv2%2Fcategories&post=3951"},{"taxonomy":"post_tag","embeddable":true,"href":"https:\/\/www.lodelmomentoloja.com\/index.php?rest_route=%2Fwp%2Fv2%2Ftags&post=3951"}],"curies":[{"name":"wp","href":"https:\/\/api.w.org\/{rel}","templated":true}]}}