{"id":3936,"date":"2021-05-12T12:10:15","date_gmt":"2021-05-12T12:10:15","guid":{"rendered":"http:\/\/www.lodelmomentoloja.com\/?p=3936"},"modified":"2021-05-12T17:14:42","modified_gmt":"2021-05-12T17:14:42","slug":"tono-valencia-se-retira-del-futbol-profesional","status":"publish","type":"post","link":"https:\/\/www.lodelmomentoloja.com\/?p=3936","title":{"rendered":"To\u00f1o Valencia se retira del f\u00fatbol profesional"},"content":{"rendered":"<p>#Deportes | Antonio Valencia anunciar\u00e1 su retiro del f\u00fatbol profesional.<\/p>\n<p>El volante-lateral, actualmente en Quer\u00e9taro, dejar\u00eda la actividad profesional por molestias en una de sus rodillas, anteriormente, Valencia ya hab\u00eda mostrado su deseo de poner fin a su carrera en M\u00e9xico, m\u00e1s precisamente en los Gallos de Quer\u00e9taro, equipo que le abri\u00f3 las puertas tras su salida de Liga Deportiva Universitaria de Quito.<\/p>\n<p>Valencia jug\u00f3 con la Tricolor los mundiales de Alemania 2006 y Brasil 2014. Jug\u00f3 una d\u00e9cada, entre 2009 y 2019, en el United de la Premier League; all\u00ed fue multicampe\u00f3n.<\/p>\n<p>www.lodelmomentoloja.com<br \/>\n#LDMnoticias #lodelmomentolojaLDM<\/p>\n","protected":false},"excerpt":{"rendered":"<p>#Deportes | Antonio Valencia anunciar\u00e1 su retiro del f\u00fatbol profesional. El volante-lateral, actualmente en Quer\u00e9taro,&#8230;<\/p>\n","protected":false},"author":1,"featured_media":3937,"comment_status":"open","ping_status":"open","sticky":false,"template":"","format":"standard","meta":{"footnotes":""},"categories":[1],"tags":[],"class_list":["post-3936","post","type-post","status-publish","format-standard","has-post-thumbnail","hentry","category-inicio"],"_links":{"self":[{"href":"https:\/\/www.lodelmomentoloja.com\/index.php?rest_route=\/wp\/v2\/posts\/3936"}],"collection":[{"href":"https:\/\/www.lodelmomentoloja.com\/index.php?rest_route=\/wp\/v2\/posts"}],"about":[{"href":"https:\/\/www.lodelmomentoloja.com\/index.php?rest_route=\/wp\/v2\/types\/post"}],"author":[{"embeddable":true,"href":"https:\/\/www.lodelmomentoloja.com\/index.php?rest_route=\/wp\/v2\/users\/1"}],"replies":[{"embeddable":true,"href":"https:\/\/www.lodelmomentoloja.com\/index.php?rest_route=%2Fwp%2Fv2%2Fcomments&post=3936"}],"version-history":[{"count":1,"href":"https:\/\/www.lodelmomentoloja.com\/index.php?rest_route=\/wp\/v2\/posts\/3936\/revisions"}],"predecessor-version":[{"id":3938,"href":"https:\/\/www.lodelmomentoloja.com\/index.php?rest_route=\/wp\/v2\/posts\/3936\/revisions\/3938"}],"wp:featuredmedia":[{"embeddable":true,"href":"https:\/\/www.lodelmomentoloja.com\/index.php?rest_route=\/wp\/v2\/media\/3937"}],"wp:attachment":[{"href":"https:\/\/www.lodelmomentoloja.com\/index.php?rest_route=%2Fwp%2Fv2%2Fmedia&parent=3936"}],"wp:term":[{"taxonomy":"category","embeddable":true,"href":"https:\/\/www.lodelmomentoloja.com\/index.php?rest_route=%2Fwp%2Fv2%2Fcategories&post=3936"},{"taxonomy":"post_tag","embeddable":true,"href":"https:\/\/www.lodelmomentoloja.com\/index.php?rest_route=%2Fwp%2Fv2%2Ftags&post=3936"}],"curies":[{"name":"wp","href":"https:\/\/api.w.org\/{rel}","templated":true}]}}