{"id":3933,"date":"2021-05-12T10:34:12","date_gmt":"2021-05-12T10:34:12","guid":{"rendered":"http:\/\/www.lodelmomentoloja.com\/?p=3933"},"modified":"2021-05-12T15:37:25","modified_gmt":"2021-05-12T15:37:25","slug":"dos-eventos-astronomicos-el-26-de-mayo","status":"publish","type":"post","link":"https:\/\/www.lodelmomentoloja.com\/?p=3933","title":{"rendered":"Dos eventos astron\u00f3micos el 26 de Mayo"},"content":{"rendered":"<p dir=\"ltr\">#Mundo | En el 26 de mayo coincidir\u00e1n dos eventos astron\u00f3micos a la vez: la superluna y un eclipse lunar total, seg\u00fan se\u00f1ala\u00a0BBC Mundo.<\/p>\n<p dir=\"ltr\">El fen\u00f3meno de la superluna se produce cuando est\u00e1 en perigeo, es decir, en su distancia m\u00e1s cercana a la Tierra. Esto ocasiona que se vea m\u00e1s grande y brillante de lo normal.<\/p>\n<p dir=\"ltr\">Asimismo, el sat\u00e9lite natural de la Tierra pasar\u00e1 enteramente por la sombra (umbra) del planeta, o en otras palabras, la sombra de la Tierra bloquear\u00e1 completamente la luna, lo que puede hacer que se torne de color cobre o rojo debido a que algo de luz del sol pasa a trav\u00e9s de la atm\u00f3sfera de la Tierra y se refleja en la luna.<\/p>\n<p dir=\"ltr\">Observatorio Astron\u00f3mico de Quito a\u00fan no confirma un horario fijo con respecto al avistaniento de este evento, sin embargo se prev\u00e9 que d\u00edas antes del mismo se har\u00e1 p\u00fablica dicha informaci\u00f3n.<\/p>\n<p dir=\"ltr\">www.lodelmomentoloja.com<br \/>\n#LDMnoticias #lodelmomentolojaLDM<\/p>\n","protected":false},"excerpt":{"rendered":"<p>#Mundo | En el 26 de mayo coincidir\u00e1n dos eventos astron\u00f3micos a la vez: la&#8230;<\/p>\n","protected":false},"author":1,"featured_media":3934,"comment_status":"open","ping_status":"open","sticky":false,"template":"","format":"standard","meta":{"footnotes":""},"categories":[1],"tags":[],"class_list":["post-3933","post","type-post","status-publish","format-standard","has-post-thumbnail","hentry","category-inicio"],"_links":{"self":[{"href":"https:\/\/www.lodelmomentoloja.com\/index.php?rest_route=\/wp\/v2\/posts\/3933"}],"collection":[{"href":"https:\/\/www.lodelmomentoloja.com\/index.php?rest_route=\/wp\/v2\/posts"}],"about":[{"href":"https:\/\/www.lodelmomentoloja.com\/index.php?rest_route=\/wp\/v2\/types\/post"}],"author":[{"embeddable":true,"href":"https:\/\/www.lodelmomentoloja.com\/index.php?rest_route=\/wp\/v2\/users\/1"}],"replies":[{"embeddable":true,"href":"https:\/\/www.lodelmomentoloja.com\/index.php?rest_route=%2Fwp%2Fv2%2Fcomments&post=3933"}],"version-history":[{"count":1,"href":"https:\/\/www.lodelmomentoloja.com\/index.php?rest_route=\/wp\/v2\/posts\/3933\/revisions"}],"predecessor-version":[{"id":3935,"href":"https:\/\/www.lodelmomentoloja.com\/index.php?rest_route=\/wp\/v2\/posts\/3933\/revisions\/3935"}],"wp:featuredmedia":[{"embeddable":true,"href":"https:\/\/www.lodelmomentoloja.com\/index.php?rest_route=\/wp\/v2\/media\/3934"}],"wp:attachment":[{"href":"https:\/\/www.lodelmomentoloja.com\/index.php?rest_route=%2Fwp%2Fv2%2Fmedia&parent=3933"}],"wp:term":[{"taxonomy":"category","embeddable":true,"href":"https:\/\/www.lodelmomentoloja.com\/index.php?rest_route=%2Fwp%2Fv2%2Fcategories&post=3933"},{"taxonomy":"post_tag","embeddable":true,"href":"https:\/\/www.lodelmomentoloja.com\/index.php?rest_route=%2Fwp%2Fv2%2Ftags&post=3933"}],"curies":[{"name":"wp","href":"https:\/\/api.w.org\/{rel}","templated":true}]}}