{"id":393,"date":"2020-10-12T09:00:00","date_gmt":"2020-10-12T09:00:00","guid":{"rendered":"http:\/\/www.lodelmomentoloja.com\/?p=393"},"modified":"2020-11-10T00:49:56","modified_gmt":"2020-11-10T00:49:56","slug":"salcedo-busca-la-asamblea-por-guayas","status":"publish","type":"post","link":"https:\/\/www.lodelmomentoloja.com\/?p=393","title":{"rendered":"Salcedo busca la asamblea por Guayas"},"content":{"rendered":"\n<figure class=\"wp-block-image\"><img decoding=\"async\" src=\"https:\/\/scontent.floh1-1.fna.fbcdn.net\/v\/t1.0-9\/121501824_825093268260765_6240793834006204818_o.jpg?_nc_cat=104&amp;ccb=2&amp;_nc_sid=8bfeb9&amp;_nc_ohc=uNUlAoNhPN4AX_qbWDY&amp;_nc_ht=scontent.floh1-1.fna&amp;oh=0bd0d8bf91916ee20e6f243cc0843ebe&amp;oe=5FCE0FAB\" alt=\"\"\/><\/figure>\n\n\n\n<p>Daniel Salcedo Bonilla, investigado por presuntos actos de corrupci\u00f3n vinculados a la red p\u00fablica de Salud durante la pandemia, inici\u00f3 su tr\u00e1mite v\u00eda web para inscribir su candidatura a asamble\u00edsta de la circunscripci\u00f3n uno de Guayas.<\/p>\n\n\n\n<p>Se inscribi\u00f3 como primer candidato principal por el partido Fuerza Ecuador (FE), listas 10.<\/p>\n\n\n\n<p>El departamento de Comunicaci\u00f3n del Consejo Nacional Electoral (CNE) confirm\u00f3 a Diario El Comercio, la inscripci\u00f3n del ciudadano que cumple prisi\u00f3n preventiva en la c\u00e1rcel El Inca, en Quito.<\/p>\n\n\n\n<p>En caso de aprobarse su candidatura por el CNE, El C\u00f3digo de la democracia establece que, los candidatos no podr\u00e1n ser privados de la libertad, ni enjuiciados mientras dure el proceso electoral.<\/p>\n","protected":false},"excerpt":{"rendered":"<p>Daniel Salcedo Bonilla, investigado por presuntos actos de corrupci\u00f3n vinculados a la red p\u00fablica de&#8230;<\/p>\n","protected":false},"author":1,"featured_media":394,"comment_status":"open","ping_status":"open","sticky":false,"template":"","format":"standard","meta":{"footnotes":""},"categories":[7,1],"tags":[],"class_list":["post-393","post","type-post","status-publish","format-standard","has-post-thumbnail","hentry","category-ecuador","category-inicio"],"_links":{"self":[{"href":"https:\/\/www.lodelmomentoloja.com\/index.php?rest_route=\/wp\/v2\/posts\/393"}],"collection":[{"href":"https:\/\/www.lodelmomentoloja.com\/index.php?rest_route=\/wp\/v2\/posts"}],"about":[{"href":"https:\/\/www.lodelmomentoloja.com\/index.php?rest_route=\/wp\/v2\/types\/post"}],"author":[{"embeddable":true,"href":"https:\/\/www.lodelmomentoloja.com\/index.php?rest_route=\/wp\/v2\/users\/1"}],"replies":[{"embeddable":true,"href":"https:\/\/www.lodelmomentoloja.com\/index.php?rest_route=%2Fwp%2Fv2%2Fcomments&post=393"}],"version-history":[{"count":1,"href":"https:\/\/www.lodelmomentoloja.com\/index.php?rest_route=\/wp\/v2\/posts\/393\/revisions"}],"predecessor-version":[{"id":395,"href":"https:\/\/www.lodelmomentoloja.com\/index.php?rest_route=\/wp\/v2\/posts\/393\/revisions\/395"}],"wp:featuredmedia":[{"embeddable":true,"href":"https:\/\/www.lodelmomentoloja.com\/index.php?rest_route=\/wp\/v2\/media\/394"}],"wp:attachment":[{"href":"https:\/\/www.lodelmomentoloja.com\/index.php?rest_route=%2Fwp%2Fv2%2Fmedia&parent=393"}],"wp:term":[{"taxonomy":"category","embeddable":true,"href":"https:\/\/www.lodelmomentoloja.com\/index.php?rest_route=%2Fwp%2Fv2%2Fcategories&post=393"},{"taxonomy":"post_tag","embeddable":true,"href":"https:\/\/www.lodelmomentoloja.com\/index.php?rest_route=%2Fwp%2Fv2%2Ftags&post=393"}],"curies":[{"name":"wp","href":"https:\/\/api.w.org\/{rel}","templated":true}]}}