{"id":390,"date":"2020-10-12T11:00:06","date_gmt":"2020-10-12T11:00:06","guid":{"rendered":"http:\/\/www.lodelmomentoloja.com\/?p=390"},"modified":"2020-11-10T00:50:24","modified_gmt":"2020-11-10T00:50:24","slug":"dia-de-la-interculturalidad-y-plurinacionalidad","status":"publish","type":"post","link":"https:\/\/www.lodelmomentoloja.com\/?p=390","title":{"rendered":"D\u00eda de la Interculturalidad y Plurinacionalidad."},"content":{"rendered":"\n<figure class=\"wp-block-image\"><img decoding=\"async\" src=\"https:\/\/scontent.floh1-1.fna.fbcdn.net\/v\/t1.0-9\/121456100_825205911582834_6611902229429961690_o.jpg?_nc_cat=107&amp;ccb=2&amp;_nc_sid=730e14&amp;_nc_ohc=AXfdDJLOiqEAX_9X4R_&amp;_nc_ht=scontent.floh1-1.fna&amp;oh=46e0db3d48505b5ded72d80a062553a0&amp;oe=5FCF43F0\" alt=\"\"\/><\/figure>\n\n\n\n<p>Mediante Decreto Ejecutivo a\u00f1o 2011, el Gobierno Nacional declar\u00f3 el 12 de octubre, como el D\u00eda de la Interculturalidad y la Plurinacionalidad.<\/p>\n\n\n\n<p>Desde ese momento, esta fecha busca reivindicar el verdadero significado del mal llamado \u201cDescubrimiento de Am\u00e9rica\u201d. El principal prop\u00f3sito es el de fortalecer la unidad nacional en la diversidad, promoviendo el di\u00e1logo entre culturas y saberes, a fin de fortalecer la construcci\u00f3n de un Estado, justo, democr\u00e1tico y plurinacional.<\/p>\n","protected":false},"excerpt":{"rendered":"<p>Mediante Decreto Ejecutivo a\u00f1o 2011, el Gobierno Nacional declar\u00f3 el 12 de octubre, como el&#8230;<\/p>\n","protected":false},"author":1,"featured_media":391,"comment_status":"open","ping_status":"open","sticky":false,"template":"","format":"standard","meta":{"footnotes":""},"categories":[7,1,5,6],"tags":[],"class_list":["post-390","post","type-post","status-publish","format-standard","has-post-thumbnail","hentry","category-ecuador","category-inicio","category-loja","category-zamora"],"_links":{"self":[{"href":"https:\/\/www.lodelmomentoloja.com\/index.php?rest_route=\/wp\/v2\/posts\/390"}],"collection":[{"href":"https:\/\/www.lodelmomentoloja.com\/index.php?rest_route=\/wp\/v2\/posts"}],"about":[{"href":"https:\/\/www.lodelmomentoloja.com\/index.php?rest_route=\/wp\/v2\/types\/post"}],"author":[{"embeddable":true,"href":"https:\/\/www.lodelmomentoloja.com\/index.php?rest_route=\/wp\/v2\/users\/1"}],"replies":[{"embeddable":true,"href":"https:\/\/www.lodelmomentoloja.com\/index.php?rest_route=%2Fwp%2Fv2%2Fcomments&post=390"}],"version-history":[{"count":1,"href":"https:\/\/www.lodelmomentoloja.com\/index.php?rest_route=\/wp\/v2\/posts\/390\/revisions"}],"predecessor-version":[{"id":392,"href":"https:\/\/www.lodelmomentoloja.com\/index.php?rest_route=\/wp\/v2\/posts\/390\/revisions\/392"}],"wp:featuredmedia":[{"embeddable":true,"href":"https:\/\/www.lodelmomentoloja.com\/index.php?rest_route=\/wp\/v2\/media\/391"}],"wp:attachment":[{"href":"https:\/\/www.lodelmomentoloja.com\/index.php?rest_route=%2Fwp%2Fv2%2Fmedia&parent=390"}],"wp:term":[{"taxonomy":"category","embeddable":true,"href":"https:\/\/www.lodelmomentoloja.com\/index.php?rest_route=%2Fwp%2Fv2%2Fcategories&post=390"},{"taxonomy":"post_tag","embeddable":true,"href":"https:\/\/www.lodelmomentoloja.com\/index.php?rest_route=%2Fwp%2Fv2%2Ftags&post=390"}],"curies":[{"name":"wp","href":"https:\/\/api.w.org\/{rel}","templated":true}]}}