{"id":3881,"date":"2021-05-07T13:00:43","date_gmt":"2021-05-07T13:00:43","guid":{"rendered":"http:\/\/www.lodelmomentoloja.com\/?p=3881"},"modified":"2021-05-07T23:07:00","modified_gmt":"2021-05-07T23:07:00","slug":"oro-para-ecuador-en-panamericanos","status":"publish","type":"post","link":"https:\/\/www.lodelmomentoloja.com\/?p=3881","title":{"rendered":"Oro para Ecuador en Panamericanos"},"content":{"rendered":"<p>#Internacional | La azuaya Paola P\u00e9rez alcanz\u00f3 el cupo 22 para Ecuador a los Juegos Ol\u00edmpicos de Tokio 2020.<\/p>\n<p>P\u00e9rez tambi\u00e9n alcanzo la plaza 14 en el atletismo, al imponerse en los 20 kil\u00f3metros de la Copa Panamericana de Marcha, que se realiz\u00f3 este viernes en la avenida del Parque, que une a las avenidas Francisco de Orellana y Mariana de Jes\u00fas, en el parque Samanes. Atr\u00e1s de la azuaya arrib\u00f3 su compatriota Karla Jaramillo.<\/p>\n<p>\u201cLas condiciones clim\u00e1ticas estuvieron bastante fuertes, despu\u00e9s de la mitad de la competencia. Tenemos otro evento en la Coru\u00f1a (Espa\u00f1a) y considero que es un resultado muy bueno. Hubo un buen nivel, las chicas buscaron tambi\u00e9n ubicarse arriba\u201d, refiri\u00f3 la campeona y nueva clasificada a Tokio 2020.<\/p>\n<p>www.lodelmomentoloja.com<br \/>\n#LDMnoticias #lodelmomentolojaLDM<\/p>\n","protected":false},"excerpt":{"rendered":"<p>#Internacional | La azuaya Paola P\u00e9rez alcanz\u00f3 el cupo 22 para Ecuador a los Juegos&#8230;<\/p>\n","protected":false},"author":1,"featured_media":3882,"comment_status":"open","ping_status":"open","sticky":false,"template":"","format":"standard","meta":{"footnotes":""},"categories":[1],"tags":[],"class_list":["post-3881","post","type-post","status-publish","format-standard","has-post-thumbnail","hentry","category-inicio"],"_links":{"self":[{"href":"https:\/\/www.lodelmomentoloja.com\/index.php?rest_route=\/wp\/v2\/posts\/3881"}],"collection":[{"href":"https:\/\/www.lodelmomentoloja.com\/index.php?rest_route=\/wp\/v2\/posts"}],"about":[{"href":"https:\/\/www.lodelmomentoloja.com\/index.php?rest_route=\/wp\/v2\/types\/post"}],"author":[{"embeddable":true,"href":"https:\/\/www.lodelmomentoloja.com\/index.php?rest_route=\/wp\/v2\/users\/1"}],"replies":[{"embeddable":true,"href":"https:\/\/www.lodelmomentoloja.com\/index.php?rest_route=%2Fwp%2Fv2%2Fcomments&post=3881"}],"version-history":[{"count":1,"href":"https:\/\/www.lodelmomentoloja.com\/index.php?rest_route=\/wp\/v2\/posts\/3881\/revisions"}],"predecessor-version":[{"id":3883,"href":"https:\/\/www.lodelmomentoloja.com\/index.php?rest_route=\/wp\/v2\/posts\/3881\/revisions\/3883"}],"wp:featuredmedia":[{"embeddable":true,"href":"https:\/\/www.lodelmomentoloja.com\/index.php?rest_route=\/wp\/v2\/media\/3882"}],"wp:attachment":[{"href":"https:\/\/www.lodelmomentoloja.com\/index.php?rest_route=%2Fwp%2Fv2%2Fmedia&parent=3881"}],"wp:term":[{"taxonomy":"category","embeddable":true,"href":"https:\/\/www.lodelmomentoloja.com\/index.php?rest_route=%2Fwp%2Fv2%2Fcategories&post=3881"},{"taxonomy":"post_tag","embeddable":true,"href":"https:\/\/www.lodelmomentoloja.com\/index.php?rest_route=%2Fwp%2Fv2%2Ftags&post=3881"}],"curies":[{"name":"wp","href":"https:\/\/api.w.org\/{rel}","templated":true}]}}