{"id":3872,"date":"2021-05-07T12:50:16","date_gmt":"2021-05-07T12:50:16","guid":{"rendered":"http:\/\/www.lodelmomentoloja.com\/?p=3872"},"modified":"2021-05-07T18:00:11","modified_gmt":"2021-05-07T18:00:11","slug":"bosque-de-los-arrayanes-declarado-como-protegido","status":"publish","type":"post","link":"https:\/\/www.lodelmomentoloja.com\/?p=3872","title":{"rendered":"\u201cBosque de los Arrayanes\u201d declarado como protegido."},"content":{"rendered":"<p>#Ecuador | \u201cBosque de los Arrayanes\u201d declarado como protegido.<\/p>\n<p>Con el objetivo de proteger los ecosistemas, su biodiversidad, las cuencas hidrogr\u00e1ficas, fuentes, nacientes o dep\u00f3sitos de agua, y las cejas de monta\u00f1a, el Ministerio del Ambiente y Agua firm\u00f3 el acuerdo ministerial 2021-019 con el cual se oficializ\u00f3 la Declaratoria de Bosque y Vegetaci\u00f3n Protector al \u201cBosque de los Arrayanes\u201d ubicado en la parroquia San Jos\u00e9 del cant\u00f3n Mont\u00fafar.<\/p>\n<p>Esta declaratoria busca promover la construcci\u00f3n \u00e1reas de inter\u00e9s para la investigaci\u00f3n cient\u00edfica, ambiental y forestal, y de esta manera avanzar en la implementaci\u00f3n de las pol\u00edticas de conservaci\u00f3n de ecosistemas fr\u00e1giles registrados en el Sistema Nacional de \u00c1reas Protegidas.<\/p>\n<p>www.lodelmomentoloja.com<br \/>\n#LDMnoticias #lodelmomentolojaLDM<\/p>\n","protected":false},"excerpt":{"rendered":"<p>#Ecuador | \u201cBosque de los Arrayanes\u201d declarado como protegido. Con el objetivo de proteger los&#8230;<\/p>\n","protected":false},"author":1,"featured_media":3873,"comment_status":"open","ping_status":"open","sticky":false,"template":"","format":"standard","meta":{"footnotes":""},"categories":[1],"tags":[],"class_list":["post-3872","post","type-post","status-publish","format-standard","has-post-thumbnail","hentry","category-inicio"],"_links":{"self":[{"href":"https:\/\/www.lodelmomentoloja.com\/index.php?rest_route=\/wp\/v2\/posts\/3872"}],"collection":[{"href":"https:\/\/www.lodelmomentoloja.com\/index.php?rest_route=\/wp\/v2\/posts"}],"about":[{"href":"https:\/\/www.lodelmomentoloja.com\/index.php?rest_route=\/wp\/v2\/types\/post"}],"author":[{"embeddable":true,"href":"https:\/\/www.lodelmomentoloja.com\/index.php?rest_route=\/wp\/v2\/users\/1"}],"replies":[{"embeddable":true,"href":"https:\/\/www.lodelmomentoloja.com\/index.php?rest_route=%2Fwp%2Fv2%2Fcomments&post=3872"}],"version-history":[{"count":1,"href":"https:\/\/www.lodelmomentoloja.com\/index.php?rest_route=\/wp\/v2\/posts\/3872\/revisions"}],"predecessor-version":[{"id":3874,"href":"https:\/\/www.lodelmomentoloja.com\/index.php?rest_route=\/wp\/v2\/posts\/3872\/revisions\/3874"}],"wp:featuredmedia":[{"embeddable":true,"href":"https:\/\/www.lodelmomentoloja.com\/index.php?rest_route=\/wp\/v2\/media\/3873"}],"wp:attachment":[{"href":"https:\/\/www.lodelmomentoloja.com\/index.php?rest_route=%2Fwp%2Fv2%2Fmedia&parent=3872"}],"wp:term":[{"taxonomy":"category","embeddable":true,"href":"https:\/\/www.lodelmomentoloja.com\/index.php?rest_route=%2Fwp%2Fv2%2Fcategories&post=3872"},{"taxonomy":"post_tag","embeddable":true,"href":"https:\/\/www.lodelmomentoloja.com\/index.php?rest_route=%2Fwp%2Fv2%2Ftags&post=3872"}],"curies":[{"name":"wp","href":"https:\/\/api.w.org\/{rel}","templated":true}]}}