{"id":3834,"date":"2021-05-04T15:25:45","date_gmt":"2021-05-04T15:25:45","guid":{"rendered":"http:\/\/www.lodelmomentoloja.com\/?p=3834"},"modified":"2021-05-04T20:30:50","modified_gmt":"2021-05-04T20:30:50","slug":"onu-denuncia-uso-excesivo-se-fuerza-contra-manifestantes","status":"publish","type":"post","link":"https:\/\/www.lodelmomentoloja.com\/?p=3834","title":{"rendered":"ONU denuncia uso excesivo se fuerza contra manifestantes."},"content":{"rendered":"<p>#Colombia | La Oficina de la ONU para los Derechos Humanos denunci\u00f3 que los cuerpos de seguridad colombianos han ejercido un &#8220;excesivo uso de la fuerza&#8221;.<\/p>\n<p>Esto durante la ola de protestas que vive el pa\u00eds, con al menos 19 muertos y 800 heridos, y pidi\u00f3 calma de cara a la convocatoria de manifestaciones para este 5 de mayo.<\/p>\n<p>Responsables de la misi\u00f3n de esa agencia de Naciones Unidas en Cali, una de las ciudades donde se han producido m\u00e1s incidentes violentos, &#8220;han sido testigos del uso excesivo de la fuerza por parte de la polic\u00eda&#8221;, destac\u00f3 en rueda de prensa la portavoz de la oficina Marta Hurtado.<\/p>\n<p>Las fuerzas de seguridad &#8220;utilizaron munici\u00f3n real, golpearon a manifestantes y hubo detenciones, en el contexto de una situaci\u00f3n tensa y vol\u00e1til en la que algunos participantes en las protestas tambi\u00e9n han sido violentos&#8221;, a\u00f1adi\u00f3 la portavoz de la oficina que dirige la alta comisionada Michelle Bachelet.<\/p>\n<p>www.lodelmomentoloja.com<br \/>\n#LDMnoticias #lodelmomentolojaLDM<\/p>\n","protected":false},"excerpt":{"rendered":"<p>#Colombia | La Oficina de la ONU para los Derechos Humanos denunci\u00f3 que los cuerpos&#8230;<\/p>\n","protected":false},"author":1,"featured_media":3835,"comment_status":"open","ping_status":"open","sticky":false,"template":"","format":"standard","meta":{"footnotes":""},"categories":[1],"tags":[],"class_list":["post-3834","post","type-post","status-publish","format-standard","has-post-thumbnail","hentry","category-inicio"],"_links":{"self":[{"href":"https:\/\/www.lodelmomentoloja.com\/index.php?rest_route=\/wp\/v2\/posts\/3834"}],"collection":[{"href":"https:\/\/www.lodelmomentoloja.com\/index.php?rest_route=\/wp\/v2\/posts"}],"about":[{"href":"https:\/\/www.lodelmomentoloja.com\/index.php?rest_route=\/wp\/v2\/types\/post"}],"author":[{"embeddable":true,"href":"https:\/\/www.lodelmomentoloja.com\/index.php?rest_route=\/wp\/v2\/users\/1"}],"replies":[{"embeddable":true,"href":"https:\/\/www.lodelmomentoloja.com\/index.php?rest_route=%2Fwp%2Fv2%2Fcomments&post=3834"}],"version-history":[{"count":1,"href":"https:\/\/www.lodelmomentoloja.com\/index.php?rest_route=\/wp\/v2\/posts\/3834\/revisions"}],"predecessor-version":[{"id":3836,"href":"https:\/\/www.lodelmomentoloja.com\/index.php?rest_route=\/wp\/v2\/posts\/3834\/revisions\/3836"}],"wp:featuredmedia":[{"embeddable":true,"href":"https:\/\/www.lodelmomentoloja.com\/index.php?rest_route=\/wp\/v2\/media\/3835"}],"wp:attachment":[{"href":"https:\/\/www.lodelmomentoloja.com\/index.php?rest_route=%2Fwp%2Fv2%2Fmedia&parent=3834"}],"wp:term":[{"taxonomy":"category","embeddable":true,"href":"https:\/\/www.lodelmomentoloja.com\/index.php?rest_route=%2Fwp%2Fv2%2Fcategories&post=3834"},{"taxonomy":"post_tag","embeddable":true,"href":"https:\/\/www.lodelmomentoloja.com\/index.php?rest_route=%2Fwp%2Fv2%2Ftags&post=3834"}],"curies":[{"name":"wp","href":"https:\/\/api.w.org\/{rel}","templated":true}]}}